{"id":233,"date":"2022-04-26T19:00:23","date_gmt":"2022-04-26T17:00:23","guid":{"rendered":"https:\/\/info-politique.fr\/?p=233"},"modified":"2022-04-29T19:01:07","modified_gmt":"2022-04-29T17:01:07","slug":"le-dernier-conseil-des-ministres-du-gouvernement-castex-est-decale-a-jeudi","status":"publish","type":"post","link":"https:\/\/info-politique.fr\/index.php\/2022\/04\/26\/le-dernier-conseil-des-ministres-du-gouvernement-castex-est-decale-a-jeudi\/","title":{"rendered":"Le dernier Conseil des ministres du gouvernement Castex est d\u00e9cal\u00e9 \u00e0 jeudi"},"content":{"rendered":"<p align=\"JUSTIFY\">Le Conseil des ministres de cette semaine, probablement le dernier r\u00e9unissant l\u2019actuel gouvernement Castex, se tiendra jeudi matin \u00e0 11 heures, et non mercredi comme pr\u00e9vu initialement, a-t-on appris de source gouvernementale.<\/p>\n<p align=\"JUSTIFY\">Il s\u2019agira aussi du premier Conseil des ministres que r\u00e9unira Emamnuel Macron depuis sa r\u00e9\u00e9lection dimanche pour un second quinquennat.<\/p>\n<p align=\"JUSTIFY\"><img fetchpriority=\"high\" decoding=\"async\" class=\"alignnone size-medium wp-image-9522\" src=\"https:\/\/internet-presse-politique.fr\/wp-content\/uploads\/2022\/04\/640px-Elyse%CC%81e_Palace_Paris_2005-300x225.jpg\" sizes=\"(max-width: 300px) 100vw, 300px\" srcset=\"https:\/\/internet-presse-politique.fr\/wp-content\/uploads\/2022\/04\/640px-Elyse\u0301e_Palace_Paris_2005-300x225.jpg 300w, https:\/\/internet-presse-politique.fr\/wp-content\/uploads\/2022\/04\/640px-Elyse\u0301e_Palace_Paris_2005.jpg 640w\" alt=\"\" width=\"300\" height=\"225\" \/><\/p>\n<p align=\"JUSTIFY\">Le chef de l\u2019\u00c9tat, qui a pass\u00e9 la journ\u00e9e de lundi \u00e0 la r\u00e9sidence de La Lanterne, \u00e0 Versailles, est en train de plancher sur la composition de son futur gouvernement. Selon ses proches, il devrait \u00eatre finalis\u00e9 d\u2019ici le Conseil des ministres du 11 mai, voire d\u00e8s la fin de la semaine prochaine.<\/p>\n<p align=\"JUSTIFY\">Emmanuel Macron compte non seulement remplacer son Premier ministre Jean Castex mais aussi renouveler tr\u00e8s largement son gouvernenement avec peu de ministres reconduits, selon un pilier de la majorit\u00e9.<\/p>\n<p align=\"JUSTIFY\">La nouvelle \u00e9quipe gouvernementale, qui pourrait \u00eatre compl\u00e9t\u00e9e apr\u00e8s les l\u00e9gislatives de juin, devra, avec les nouveaux conseillers nomm\u00e9s \u00e0 l\u2019Elys\u00e9e, porter les grands chantiers annonc\u00e9s par le chef de l\u2019\u00c9tat (\u00e9cologie, \u00e9cole, sant\u00e9, retraites, emploi, pouvoir d\u2019achat).<\/p>\n<p align=\"JUSTIFY\">Elle devra \u00e9galement incarner la nouvelle m\u00e9thode qu\u2019il a promise, avec davantage de concertation, pour rassembler un pays \u00ab\u00a0<em>fractur\u00e9<\/em>\u00ab\u00a0.<\/p>\n","protected":false},"excerpt":{"rendered":"<p>Le Conseil des ministres de cette semaine, probablement le dernier r\u00e9unissant l\u2019actuel gouvernement Castex, se tiendra jeudi matin \u00e0 11 heures, et non mercredi comme pr\u00e9vu initialement, a-t-on appris de source gouvernementale. Il s\u2019agira aussi du premier Conseil des ministres que r\u00e9unira Emamnuel Macron depuis sa r\u00e9\u00e9lection dimanche pour un second quinquennat. Le chef de [&hellip;]<\/p>\n","protected":false},"author":2,"featured_media":0,"comment_status":"closed","ping_status":"open","sticky":false,"template":"","format":"standard","meta":{"_jetpack_memberships_contains_paid_content":false,"footnotes":""},"categories":[21],"tags":[],"class_list":["post-233","post","type-post","status-publish","format-standard","hentry","category-actualites"],"jetpack_featured_media_url":"","jetpack_sharing_enabled":true,"_links":{"self":[{"href":"https:\/\/info-politique.fr\/index.php\/wp-json\/wp\/v2\/posts\/233","targetHints":{"allow":["GET"]}}],"collection":[{"href":"https:\/\/info-politique.fr\/index.php\/wp-json\/wp\/v2\/posts"}],"about":[{"href":"https:\/\/info-politique.fr\/index.php\/wp-json\/wp\/v2\/types\/post"}],"author":[{"embeddable":true,"href":"https:\/\/info-politique.fr\/index.php\/wp-json\/wp\/v2\/users\/2"}],"replies":[{"embeddable":true,"href":"https:\/\/info-politique.fr\/index.php\/wp-json\/wp\/v2\/comments?post=233"}],"version-history":[{"count":1,"href":"https:\/\/info-politique.fr\/index.php\/wp-json\/wp\/v2\/posts\/233\/revisions"}],"predecessor-version":[{"id":234,"href":"https:\/\/info-politique.fr\/index.php\/wp-json\/wp\/v2\/posts\/233\/revisions\/234"}],"wp:attachment":[{"href":"https:\/\/info-politique.fr\/index.php\/wp-json\/wp\/v2\/media?parent=233"}],"wp:term":[{"taxonomy":"category","embeddable":true,"href":"https:\/\/info-politique.fr\/index.php\/wp-json\/wp\/v2\/categories?post=233"},{"taxonomy":"post_tag","embeddable":true,"href":"https:\/\/info-politique.fr\/index.php\/wp-json\/wp\/v2\/tags?post=233"}],"curies":[{"name":"wp","href":"https:\/\/api.w.org\/{rel}","templated":true}]}}