{"id":410,"date":"2023-10-13T08:57:05","date_gmt":"2023-10-13T06:57:05","guid":{"rendered":"https:\/\/info-politique.fr\/?p=410"},"modified":"2023-10-13T08:57:05","modified_gmt":"2023-10-13T06:57:05","slug":"ce-quil-faut-retenir-de-lallocution-demmanuel-macron-sur-israel","status":"publish","type":"post","link":"https:\/\/info-politique.fr\/index.php\/2023\/10\/13\/ce-quil-faut-retenir-de-lallocution-demmanuel-macron-sur-israel\/","title":{"rendered":"Ce qu\u2019il faut retenir de l\u2019allocution d\u2019Emmanuel Macron sur Isra\u00ebl"},"content":{"rendered":"<p>Emmanuel Macron a condamn\u00e9 de mani\u00e8re cat\u00e9gorique les r\u00e9centes attaques terroristes perp\u00e9tr\u00e9es par le Hamas en Isra\u00ebl. Dans une allocution t\u00e9l\u00e9vis\u00e9e jeudi soir, le chef de l&#8217;\u00c9tat a promis que la France mettrait tout en \u0153uvre pour ramener les 17 otages fran\u00e7ais port\u00e9s disparus, victimes de ces actes odieux, sains et saufs dans leurs foyers. Macron a \u00e9galement appel\u00e9 Isra\u00ebl \u00e0 r\u00e9pondre de mani\u00e8re &#8220;juste&#8221; tout en soulignant le devoir des d\u00e9mocraties de pr\u00e9server les populations civiles m\u00eame dans le cadre de l&#8217;autod\u00e9fense.<\/p>\n<p>Les attaques du Hamas en Isra\u00ebl ont \u00e9t\u00e9 qualifi\u00e9es par Macron d&#8217; &#8220;attaque terroriste la plus tragique de l&#8217;histoire&#8221; d&#8217;Isra\u00ebl. &#8220;Des centaines de nourrissons, de femmes, d&#8217;hommes ont \u00e9t\u00e9 pourchass\u00e9s, enlev\u00e9s, assassin\u00e9s, pris en otage&#8221;, a d\u00e9clar\u00e9 Macron, exprimant le chagrin de la nation fran\u00e7aise pour ces pertes insens\u00e9es. Il a soulign\u00e9 l&#8217;importance de l&#8217;unit\u00e9 dans ces moments de crise, affirmant que la France partageait le chagrin d&#8217;Isra\u00ebl et se tenait aux c\u00f4t\u00e9s de ce peuple dans l&#8217;\u00e9preuve et le deuil.<\/p>\n<p>Macron a \u00e9t\u00e9 clair sur la nature terroriste du Hamas, r\u00e9futant toute tentative de justifier le terrorisme au nom de la cause palestinienne. &#8220;Le Hamas est un mouvement terroriste, il ne peut pas y avoir de &#8216;oui, mais'&#8221;, a-t-il martel\u00e9, rejetant toute tentative de relativiser les actes de violence commis par le groupe.<\/p>\n<p>Le pr\u00e9sident fran\u00e7ais a \u00e9galement r\u00e9affirm\u00e9 l&#8217;engagement de la France \u00e0 assurer la s\u00e9curit\u00e9 de sa population, en particulier de la communaut\u00e9 juive. &#8220;Notre premier devoir est d&#8217;assurer leur s\u00e9curit\u00e9 et de ne laisser prosp\u00e9rer aucune parole, aucun acte antis\u00e9mite&#8221;, a-t-il d\u00e9clar\u00e9, soulignant l&#8217;importance de lutter contre la haine sous toutes ses formes.<\/p>\n<p>En ce qui concerne les otages fran\u00e7ais, Macron a rassur\u00e9 les familles en affirmant que la France collaborait \u00e9troitement avec les autorit\u00e9s isra\u00e9liennes et d&#8217;autres partenaires pour assurer leur retour en s\u00e9curit\u00e9. &#8220;La France garantit le rapatriement \u00e0 tous ceux qui le demandent&#8221;, a-t-il d\u00e9clar\u00e9, pr\u00e9cisant qu&#8217;un premier vol affr\u00e9t\u00e9 \u00e9tait arriv\u00e9 \u00e0 Paris et que d&#8217;autres vols \u00e9taient pr\u00e9vus dans les prochaines heures et les prochains jours.<\/p>\n<p>Enfin, Macron a plaid\u00e9 pour une r\u00e9ponse &#8220;juste&#8221; d&#8217;Isra\u00ebl face au terrorisme. &#8220;La seule r\u00e9ponse au terrorisme, la seule possible, est toujours une r\u00e9ponse forte et juste, forte parce que juste&#8221;, a-t-il soulign\u00e9, appelant Isra\u00ebl \u00e0 \u00e9liminer les groupes terroristes tout en pr\u00e9servant les populations civiles, conform\u00e9ment aux valeurs d\u00e9mocratiques.<\/p>\n<p>Alors que la France et le monde entier font face \u00e0 cette trag\u00e9die sans pr\u00e9c\u00e9dent, l&#8217;engagement de la France envers la justice, la s\u00e9curit\u00e9 et la solidarit\u00e9 internationale demeure in\u00e9branlable.<\/p>\n","protected":false},"excerpt":{"rendered":"<p>Emmanuel Macron a condamn\u00e9 de mani\u00e8re cat\u00e9gorique les r\u00e9centes attaques terroristes perp\u00e9tr\u00e9es par le Hamas en Isra\u00ebl. Dans une allocution t\u00e9l\u00e9vis\u00e9e jeudi soir, le chef de l&#8217;\u00c9tat a promis que la France mettrait tout en \u0153uvre pour ramener les 17 otages fran\u00e7ais port\u00e9s disparus, victimes de ces actes odieux, sains et saufs dans leurs foyers. [&hellip;]<\/p>\n","protected":false},"author":1,"featured_media":341,"comment_status":"closed","ping_status":"open","sticky":false,"template":"","format":"standard","meta":{"_jetpack_memberships_contains_paid_content":false,"footnotes":""},"categories":[25],"tags":[],"class_list":["post-410","post","type-post","status-publish","format-standard","has-post-thumbnail","hentry","category-la-une"],"jetpack_featured_media_url":"https:\/\/info-politique.fr\/wp-content\/uploads\/2023\/08\/Capture-decran-2023-08-03-a-15.30.10.png","jetpack_sharing_enabled":true,"_links":{"self":[{"href":"https:\/\/info-politique.fr\/index.php\/wp-json\/wp\/v2\/posts\/410","targetHints":{"allow":["GET"]}}],"collection":[{"href":"https:\/\/info-politique.fr\/index.php\/wp-json\/wp\/v2\/posts"}],"about":[{"href":"https:\/\/info-politique.fr\/index.php\/wp-json\/wp\/v2\/types\/post"}],"author":[{"embeddable":true,"href":"https:\/\/info-politique.fr\/index.php\/wp-json\/wp\/v2\/users\/1"}],"replies":[{"embeddable":true,"href":"https:\/\/info-politique.fr\/index.php\/wp-json\/wp\/v2\/comments?post=410"}],"version-history":[{"count":1,"href":"https:\/\/info-politique.fr\/index.php\/wp-json\/wp\/v2\/posts\/410\/revisions"}],"predecessor-version":[{"id":411,"href":"https:\/\/info-politique.fr\/index.php\/wp-json\/wp\/v2\/posts\/410\/revisions\/411"}],"wp:featuredmedia":[{"embeddable":true,"href":"https:\/\/info-politique.fr\/index.php\/wp-json\/wp\/v2\/media\/341"}],"wp:attachment":[{"href":"https:\/\/info-politique.fr\/index.php\/wp-json\/wp\/v2\/media?parent=410"}],"wp:term":[{"taxonomy":"category","embeddable":true,"href":"https:\/\/info-politique.fr\/index.php\/wp-json\/wp\/v2\/categories?post=410"},{"taxonomy":"post_tag","embeddable":true,"href":"https:\/\/info-politique.fr\/index.php\/wp-json\/wp\/v2\/tags?post=410"}],"curies":[{"name":"wp","href":"https:\/\/api.w.org\/{rel}","templated":true}]}}