{"id":416,"date":"2023-11-02T10:17:46","date_gmt":"2023-11-02T09:17:46","guid":{"rendered":"https:\/\/info-politique.fr\/?p=416"},"modified":"2023-12-11T09:50:31","modified_gmt":"2023-12-11T08:50:31","slug":"la-motion-de-censure-lr-sur-la-loi-immigration-divise-lopposition-olivier-faure-refuse-de-soutenir-le-mouvement-de-droite","status":"publish","type":"post","link":"https:\/\/info-politique.fr\/index.php\/2023\/11\/02\/la-motion-de-censure-lr-sur-la-loi-immigration-divise-lopposition-olivier-faure-refuse-de-soutenir-le-mouvement-de-droite\/","title":{"rendered":"Faure ne votera pas une \u00e9ventuelle motion de LR sur la loi immigration"},"content":{"rendered":"<p>La tension monte \u00e0 l&#8217;approche du vote sur le projet de loi immigration alors que le gouvernement envisage l&#8217;utilisation de l&#8217;article 49.3 pour faire passer le texte. Dans ce contexte, les R\u00e9publicains (LR) menacent de d\u00e9poser une motion de censure pour contester le projet de loi, mais leur initiative divise l&#8217;opposition. Le premier secr\u00e9taire du Parti Socialiste (PS), Olivier Faure, a clairement indiqu\u00e9 qu&#8217;il ne soutiendrait pas une \u00e9ventuelle motion de censure d\u00e9pos\u00e9e par LR.<\/p>\n<p>L&#8217;annonce d&#8217;Olivier Faure a \u00e9t\u00e9 faite mardi lors de son intervention sur France 2. Il a qualifi\u00e9 la motion de censure propos\u00e9e par LR de tentative visant \u00e0 \u00ab aller plus loin encore que ce que veut le gouvernement \u00bb. Il a ajout\u00e9 qu&#8217;une telle motion serait excessive et a exprim\u00e9 ses craintes quant \u00e0 l&#8217;utilisation probable de l&#8217;article 49.3 par le gouvernement pour faire adopter la loi.<\/p>\n<p>Le projet de loi immigration suscite de vives oppositions, notamment en ce qui concerne l&#8217;article 3, qui pr\u00e9voit la r\u00e9gularisation des sans-papiers travaillant dans des secteurs en tension. Les LR s&#8217;opposent fermement \u00e0 cette mesure et menacent de d\u00e9poser une motion de censure si le gouvernement choisit de l&#8217;imposer.<\/p>\n<p>Face \u00e0 cette menace, le PS a clairement marqu\u00e9 sa position en refusant de soutenir les R\u00e9publicains. Une source gouvernementale a r\u00e9agi en soulignant que la position d&#8217;Olivier Faure n&#8217;\u00e9tait pas surprenante \u00e9tant donn\u00e9 qu&#8217;il ne pouvait pas voter en faveur d&#8217;une motion de droite selon ses convictions politiques.<\/p>\n<p>Cependant, l&#8217;issue du vote reste incertaine. Les autres partis de gauche, tels que La France insoumise, Europe \u00c9cologie \u2013 Les Verts et le Parti communiste fran\u00e7ais, n&#8217;ont pas encore pris de d\u00e9cision quant \u00e0 leur position sur la motion de censure LR. Certains d\u00e9put\u00e9s de ces formations politiques ont mis en doute la cr\u00e9dibilit\u00e9 de la menace brandie par la droite et ont exprim\u00e9 leur scepticisme quant \u00e0 l&#8217;efficacit\u00e9 d&#8217;une telle motion.<\/p>\n<p>La situation politique demeure tendue \u00e0 l&#8217;approche du vote au S\u00e9nat, pr\u00e9vu pour lundi prochain. Les prochains jours seront d\u00e9cisifs pour l&#8217;avenir du projet de loi immigration et pour l&#8217;unit\u00e9 de l&#8217;opposition face \u00e0 cette mesure controvers\u00e9e.<\/p>\n","protected":false},"excerpt":{"rendered":"<p>La tension monte \u00e0 l&#8217;approche du vote sur le projet de loi immigration alors que le gouvernement envisage l&#8217;utilisation de l&#8217;article 49.3 pour faire passer le texte. Dans ce contexte, les R\u00e9publicains (LR) menacent de d\u00e9poser une motion de censure pour contester le projet de loi, mais leur initiative divise l&#8217;opposition. Le premier secr\u00e9taire du [&hellip;]<\/p>\n","protected":false},"author":1,"featured_media":374,"comment_status":"closed","ping_status":"open","sticky":false,"template":"","format":"standard","meta":{"_jetpack_memberships_contains_paid_content":false,"footnotes":""},"categories":[21,26],"tags":[],"class_list":["post-416","post","type-post","status-publish","format-standard","has-post-thumbnail","hentry","category-actualites","category-elections"],"jetpack_featured_media_url":"https:\/\/info-politique.fr\/wp-content\/uploads\/2023\/09\/logo-general-parti-socialiste.png","jetpack_sharing_enabled":true,"_links":{"self":[{"href":"https:\/\/info-politique.fr\/index.php\/wp-json\/wp\/v2\/posts\/416","targetHints":{"allow":["GET"]}}],"collection":[{"href":"https:\/\/info-politique.fr\/index.php\/wp-json\/wp\/v2\/posts"}],"about":[{"href":"https:\/\/info-politique.fr\/index.php\/wp-json\/wp\/v2\/types\/post"}],"author":[{"embeddable":true,"href":"https:\/\/info-politique.fr\/index.php\/wp-json\/wp\/v2\/users\/1"}],"replies":[{"embeddable":true,"href":"https:\/\/info-politique.fr\/index.php\/wp-json\/wp\/v2\/comments?post=416"}],"version-history":[{"count":3,"href":"https:\/\/info-politique.fr\/index.php\/wp-json\/wp\/v2\/posts\/416\/revisions"}],"predecessor-version":[{"id":419,"href":"https:\/\/info-politique.fr\/index.php\/wp-json\/wp\/v2\/posts\/416\/revisions\/419"}],"wp:featuredmedia":[{"embeddable":true,"href":"https:\/\/info-politique.fr\/index.php\/wp-json\/wp\/v2\/media\/374"}],"wp:attachment":[{"href":"https:\/\/info-politique.fr\/index.php\/wp-json\/wp\/v2\/media?parent=416"}],"wp:term":[{"taxonomy":"category","embeddable":true,"href":"https:\/\/info-politique.fr\/index.php\/wp-json\/wp\/v2\/categories?post=416"},{"taxonomy":"post_tag","embeddable":true,"href":"https:\/\/info-politique.fr\/index.php\/wp-json\/wp\/v2\/tags?post=416"}],"curies":[{"name":"wp","href":"https:\/\/api.w.org\/{rel}","templated":true}]}}