{"id":545,"date":"2024-04-25T15:27:12","date_gmt":"2024-04-25T13:27:12","guid":{"rendered":"https:\/\/info-politique.fr\/?p=545"},"modified":"2024-05-13T11:58:00","modified_gmt":"2024-05-13T09:58:00","slug":"elections-europeennes-2024-pourquoi-les-listes-de-candidats-ne-sont-pas-encore-pretes","status":"publish","type":"post","link":"https:\/\/info-politique.fr\/index.php\/2024\/04\/25\/elections-europeennes-2024-pourquoi-les-listes-de-candidats-ne-sont-pas-encore-pretes\/","title":{"rendered":"Elections europ\u00e9ennes 2024 : Pourquoi les listes de candidats ne sont pas encore pr\u00eates ?"},"content":{"rendered":"<p>\u00c0 quelques semaines des \u00e9lections europ\u00e9ennes, la composition int\u00e9grale des listes de candidats reste encore largement inconnue, suscitant une certaine curiosit\u00e9 et une attente palpable chez les \u00e9lecteurs. Alors que les t\u00eates d&#8217;affiche des principaux partis politiques sont d\u00e9j\u00e0 d\u00e9sign\u00e9es, telles que Jordan Bardella pour le Rassemblement National (RN), Val\u00e9rie Hayer pour Renaissance, ou encore Rapha\u00ebl Glucksmann pour le Parti Socialiste (PS), de nombreux si\u00e8ges restent \u00e0 pourvoir.<\/p>\n<p>La date butoir fix\u00e9e au mois de mai pour la soumission des listes ajoute une tension suppl\u00e9mentaire \u00e0 cette p\u00e9riode pr\u00e9-\u00e9lectorale. Conform\u00e9ment \u00e0 la loi, chaque parti est tenu de pr\u00e9senter une liste paritaire de 81 noms, correspondant au nombre de si\u00e8ges attribu\u00e9s \u00e0 la France au Parlement europ\u00e9en. Bien que la campagne batte d\u00e9j\u00e0 son plein sur le terrain m\u00e9diatique et politique, l&#8217;ouverture officielle de la p\u00e9riode \u00e9lectorale est pr\u00e9vue pour le 27 mai, soit moins de deux semaines avant le scrutin du 9 juin.<\/p>\n<p>Les tractations en coulisses demeurent intenses dans de nombreux partis, expliquant en partie le retard dans la publication des listes compl\u00e8tes. Alors que certains partis comme La France Insoumise, le Parti Socialiste, Europe \u00c9cologie Les Verts (EELV) ou le Parti Communiste ont d\u00e9j\u00e0 d\u00e9voil\u00e9 l&#8217;ensemble de leurs candidats, d&#8217;autres, tels que Les R\u00e9publicains, Reconqu\u00eate, ou encore le Rassemblement National, ne d\u00e9voilent que peu d&#8217;informations pour le moment.<\/p>\n<p>Ces n\u00e9gociations internes sont souvent complexes, visant \u00e0 satisfaire \u00e0 la fois les eurod\u00e9put\u00e9s sortants et les nouveaux venus ambitieux. Certains partis pr\u00e9f\u00e8rent opter pour une strat\u00e9gie m\u00e9diatique progressive en d\u00e9voilant leurs candidats au fil des semaines, comme l&#8217;illustre le choix des R\u00e9publicains de mettre en avant des ralliements notables, tels que celui de l&#8217;agricultrice C\u00e9line Imart ou du g\u00e9n\u00e9ral Christophe Gomart.<\/p>\n<p>Cette strat\u00e9gie est \u00e9galement adopt\u00e9e par le Rassemblement National, qui a r\u00e9cemment pr\u00e9sent\u00e9 des profils jug\u00e9s &#8220;d&#8217;ouverture&#8221;, comme l&#8217;ancienne sarkozyste Malika Sorel ou l&#8217;ex-patron de Frontex Fabrice Leggeri. Cette d\u00e9marche vise \u00e0 rompre avec l&#8217;image d&#8217;isolement du parti et \u00e0 d\u00e9montrer sa capacit\u00e9 \u00e0 gouverner en coalition.<\/p>\n<p>Avec l&#8217;approche du 1er mai, date d&#8217;un grand meeting du Rassemblement National, l&#8217;annonce d&#8217;une &#8220;autre surprise&#8221; promet de maintenir l&#8217;attention des \u00e9lecteurs jusqu&#8217;\u00e0 la publication officielle des listes compl\u00e8tes.<\/p>\n","protected":false},"excerpt":{"rendered":"<p>\u00c0 quelques semaines des \u00e9lections europ\u00e9ennes, la composition int\u00e9grale des listes de candidats reste encore largement inconnue, suscitant une certaine curiosit\u00e9 et une attente palpable chez les \u00e9lecteurs. Alors que les t\u00eates d&#8217;affiche des principaux partis politiques sont d\u00e9j\u00e0 d\u00e9sign\u00e9es, telles que Jordan Bardella pour le Rassemblement National (RN), Val\u00e9rie Hayer pour Renaissance, ou encore [&hellip;]<\/p>\n","protected":false},"author":1,"featured_media":547,"comment_status":"closed","ping_status":"open","sticky":false,"template":"","format":"standard","meta":{"_jetpack_memberships_contains_paid_content":false,"footnotes":""},"categories":[1],"tags":[],"class_list":["post-545","post","type-post","status-publish","format-standard","has-post-thumbnail","hentry","category-non-classe"],"jetpack_featured_media_url":"https:\/\/info-politique.fr\/wp-content\/uploads\/2024\/04\/Capture-decran-2024-04-25-a-15.26.06-1.png","jetpack_sharing_enabled":true,"_links":{"self":[{"href":"https:\/\/info-politique.fr\/index.php\/wp-json\/wp\/v2\/posts\/545","targetHints":{"allow":["GET"]}}],"collection":[{"href":"https:\/\/info-politique.fr\/index.php\/wp-json\/wp\/v2\/posts"}],"about":[{"href":"https:\/\/info-politique.fr\/index.php\/wp-json\/wp\/v2\/types\/post"}],"author":[{"embeddable":true,"href":"https:\/\/info-politique.fr\/index.php\/wp-json\/wp\/v2\/users\/1"}],"replies":[{"embeddable":true,"href":"https:\/\/info-politique.fr\/index.php\/wp-json\/wp\/v2\/comments?post=545"}],"version-history":[{"count":1,"href":"https:\/\/info-politique.fr\/index.php\/wp-json\/wp\/v2\/posts\/545\/revisions"}],"predecessor-version":[{"id":548,"href":"https:\/\/info-politique.fr\/index.php\/wp-json\/wp\/v2\/posts\/545\/revisions\/548"}],"wp:featuredmedia":[{"embeddable":true,"href":"https:\/\/info-politique.fr\/index.php\/wp-json\/wp\/v2\/media\/547"}],"wp:attachment":[{"href":"https:\/\/info-politique.fr\/index.php\/wp-json\/wp\/v2\/media?parent=545"}],"wp:term":[{"taxonomy":"category","embeddable":true,"href":"https:\/\/info-politique.fr\/index.php\/wp-json\/wp\/v2\/categories?post=545"},{"taxonomy":"post_tag","embeddable":true,"href":"https:\/\/info-politique.fr\/index.php\/wp-json\/wp\/v2\/tags?post=545"}],"curies":[{"name":"wp","href":"https:\/\/api.w.org\/{rel}","templated":true}]}}