{"id":630,"date":"2024-06-26T15:13:45","date_gmt":"2024-06-26T13:13:45","guid":{"rendered":"https:\/\/info-politique.fr\/?p=630"},"modified":"2024-06-26T15:13:45","modified_gmt":"2024-06-26T13:13:45","slug":"que-faut-il-retenir-du-debat-televise-attal-bardella-bompard","status":"publish","type":"post","link":"https:\/\/info-politique.fr\/index.php\/2024\/06\/26\/que-faut-il-retenir-du-debat-televise-attal-bardella-bompard\/","title":{"rendered":"Que faut-il retenir du d\u00e9bat t\u00e9l\u00e9vis\u00e9 Attal, Bardella, Bompard ?"},"content":{"rendered":"<p>Ce mardi soir, TF1 a accueilli un d\u00e9bat t\u00e9l\u00e9vis\u00e9 passionn\u00e9 entre Gabriel Attal, Jordan Bardella et Manuel Bompard, marquant une \u00e9tape importante dans la campagne du premier tour des \u00e9lections l\u00e9gislatives de 2024. Retour sur les principaux points abord\u00e9s par les candidats.<\/p>\n<h3>Pouvoir d\u2019Achat<\/h3>\n<p>Jordan Bardella du Rassemblement National a vivement d\u00e9fendu la r\u00e9duction de la TVA \u00e0 5,5 % sur les carburants, l&#8217;\u00e9lectricit\u00e9 et le gaz, insistant sur la n\u00e9cessit\u00e9 de mesures imm\u00e9diates pour am\u00e9liorer le quotidien des Fran\u00e7ais. Gabriel Attal, le Premier ministre actuel, a r\u00e9torqu\u00e9 en soulignant l\u2019irr\u00e9alisme financier de telles promesses, pr\u00f4nant plut\u00f4t une gestion budg\u00e9taire rigoureuse. Manuel Bompard de La France Insoumise a critiqu\u00e9 ses adversaires pour des politiques qu&#8217;il juge insuffisantes, appelant \u00e0 une hausse significative du SMIC et des salaires pour r\u00e9pondre aux besoins des travailleurs.<\/p>\n<h3>Politiques \u00c9conomiques<\/h3>\n<p>Les propositions \u00e9conomiques ont r\u00e9v\u00e9l\u00e9 des visions divergentes. Bardella a plaid\u00e9 pour des r\u00e9ductions fiscales, y compris la suppression de l\u2019imp\u00f4t sur le revenu pour les moins de 30 ans, une mesure critiqu\u00e9e par Attal comme in\u00e9quitable et impraticable. Bompard a fustig\u00e9 les approches de ses adversaires, pr\u00f4nant une redistribution des richesses pour r\u00e9duire les in\u00e9galit\u00e9s \u00e9conomiques.<\/p>\n<h3>R\u00e9forme des Retraites<\/h3>\n<p>Sur la question des retraites, Bardella et Bompard se sont align\u00e9s contre l\u2019augmentation de l&#8217;\u00e2ge l\u00e9gal \u00e0 64 ans, bien que Bardella ait \u00e9voqu\u00e9 des exceptions possibles. Attal, quant \u00e0 lui, a d\u00e9fendu la r\u00e9forme en cours comme essentielle \u00e0 la viabilit\u00e9 financi\u00e8re du syst\u00e8me.<\/p>\n<h3>Double Nationalit\u00e9 et Immigration<\/h3>\n<p>Le d\u00e9bat sur la double nationalit\u00e9 et les droits des \u00e9trangers a \u00e9t\u00e9 particuli\u00e8rement clivant. Bardella a propos\u00e9 de supprimer le droit du sol et de restreindre l\u2019acc\u00e8s \u00e0 certains postes pour les binationaux. Attal a vivement critiqu\u00e9 ces id\u00e9es, les qualifiant de discriminatoires, tandis que Bompard a rejet\u00e9 les restrictions propos\u00e9es pour les soins des \u00e9trangers en situation irr\u00e9guli\u00e8re, mettant en avant les risques sanitaires.<\/p>\n<h3>La\u00efcit\u00e9<\/h3>\n<p>La question de la la\u00efcit\u00e9 a \u00e9galement \u00e9t\u00e9 \u00e2prement d\u00e9battue. Attal a d\u00e9fendu l\u2019interdiction de l\u2019abaya dans les \u00e9coles, position que Bompard a contest\u00e9e en invoquant la loi de 1905. Bardella a tenu un discours plus alarmiste sur une suppos\u00e9e emprise islamiste dans les \u00e9coles.<\/p>\n<h3>S\u00e9curit\u00e9<\/h3>\n<p>En mati\u00e8re de s\u00e9curit\u00e9, Attal a mis en avant des mesures pour les mineurs d\u00e9linquants, mais Bardella a jug\u00e9 ces actions insuffisantes, pr\u00f4nant des sanctions plus s\u00e9v\u00e8res. Bompard a sugg\u00e9r\u00e9 de r\u00e9tablir la police de proximit\u00e9 comme solution \u00e9prouv\u00e9e.<\/p>\n<h3>\u00c9cologie et R\u00e9chauffement Climatique<\/h3>\n<p>Bompard a insist\u00e9 sur l\u2019urgence climatique, appelant \u00e0 des actions audacieuses contre le r\u00e9chauffement, tandis que Bardella a critiqu\u00e9 les \u00e9oliennes et les politiques \u00e9cologiques actuelles. Attal a opt\u00e9 pour une approche plus graduelle et pragmatique pour atteindre les objectifs \u00e9cologiques sans perturber l\u2019\u00e9conomie.<\/p>\n<p>Le d\u00e9bat a permis aux trois candidats de d\u00e9fendre leurs visions avec conviction. Chacun a apport\u00e9 des perspectives diff\u00e9rentes sur les d\u00e9fis actuels de la France, laissant aux \u00e9lecteurs la t\u00e2che de d\u00e9cider laquelle de ces approches saura r\u00e9pondre aux attentes et besoins du pays.<\/p>\n","protected":false},"excerpt":{"rendered":"<p>Ce mardi soir, TF1 a accueilli un d\u00e9bat t\u00e9l\u00e9vis\u00e9 passionn\u00e9 entre Gabriel Attal, Jordan Bardella et Manuel Bompard, marquant une \u00e9tape importante dans la campagne du premier tour des \u00e9lections l\u00e9gislatives de 2024. Retour sur les principaux points abord\u00e9s par les candidats. Pouvoir d\u2019Achat Jordan Bardella du Rassemblement National a vivement d\u00e9fendu la r\u00e9duction de [&hellip;]<\/p>\n","protected":false},"author":1,"featured_media":631,"comment_status":"closed","ping_status":"open","sticky":false,"template":"","format":"standard","meta":{"_jetpack_memberships_contains_paid_content":false,"footnotes":""},"categories":[25],"tags":[],"class_list":["post-630","post","type-post","status-publish","format-standard","has-post-thumbnail","hentry","category-la-une"],"jetpack_featured_media_url":"https:\/\/info-politique.fr\/wp-content\/uploads\/2024\/06\/1200x680_sc_maxnewsspecial873877.jpg","jetpack_sharing_enabled":true,"_links":{"self":[{"href":"https:\/\/info-politique.fr\/index.php\/wp-json\/wp\/v2\/posts\/630","targetHints":{"allow":["GET"]}}],"collection":[{"href":"https:\/\/info-politique.fr\/index.php\/wp-json\/wp\/v2\/posts"}],"about":[{"href":"https:\/\/info-politique.fr\/index.php\/wp-json\/wp\/v2\/types\/post"}],"author":[{"embeddable":true,"href":"https:\/\/info-politique.fr\/index.php\/wp-json\/wp\/v2\/users\/1"}],"replies":[{"embeddable":true,"href":"https:\/\/info-politique.fr\/index.php\/wp-json\/wp\/v2\/comments?post=630"}],"version-history":[{"count":1,"href":"https:\/\/info-politique.fr\/index.php\/wp-json\/wp\/v2\/posts\/630\/revisions"}],"predecessor-version":[{"id":632,"href":"https:\/\/info-politique.fr\/index.php\/wp-json\/wp\/v2\/posts\/630\/revisions\/632"}],"wp:featuredmedia":[{"embeddable":true,"href":"https:\/\/info-politique.fr\/index.php\/wp-json\/wp\/v2\/media\/631"}],"wp:attachment":[{"href":"https:\/\/info-politique.fr\/index.php\/wp-json\/wp\/v2\/media?parent=630"}],"wp:term":[{"taxonomy":"category","embeddable":true,"href":"https:\/\/info-politique.fr\/index.php\/wp-json\/wp\/v2\/categories?post=630"},{"taxonomy":"post_tag","embeddable":true,"href":"https:\/\/info-politique.fr\/index.php\/wp-json\/wp\/v2\/tags?post=630"}],"curies":[{"name":"wp","href":"https:\/\/api.w.org\/{rel}","templated":true}]}}