{"id":658,"date":"2024-08-02T14:12:36","date_gmt":"2024-08-02T12:12:36","guid":{"rendered":"https:\/\/info-politique.fr\/?p=658"},"modified":"2024-08-02T14:12:36","modified_gmt":"2024-08-02T12:12:36","slug":"francois-bayrou-porte-plainte-pour-des-menaces-de-mort-enquete-ouverte","status":"publish","type":"post","link":"https:\/\/info-politique.fr\/index.php\/2024\/08\/02\/francois-bayrou-porte-plainte-pour-des-menaces-de-mort-enquete-ouverte\/","title":{"rendered":"Fran\u00e7ois Bayrou porte plainte pour des menaces de mort : enqu\u00eate ouverte"},"content":{"rendered":"<p>Le maire de Pau et pr\u00e9sident du Modem, Fran\u00e7ois Bayrou, a r\u00e9cemment \u00e9t\u00e9 la cible de menaces de mort, ce qui l\u2019a conduit \u00e0 d\u00e9poser plainte.<\/p>\n<p>Le 11 et le 15 juillet derniers, deux lettres anonymes contenant des insultes et des menaces de mort ont \u00e9t\u00e9 envoy\u00e9es \u00e0 la mairie de Pau. Le procureur de la R\u00e9publique \u00e0 Pau, Rodolphe Jarry, a confirm\u00e9 la r\u00e9ception de ces courriers. En r\u00e9ponse, une enqu\u00eate a \u00e9t\u00e9 ouverte pour \u00ab outrages \u00e0 personne d\u00e9positaire de l\u2019autorit\u00e9 publique et menaces de mort au pr\u00e9judice d\u2019une personne d\u00e9tentrice d\u2019un mandat \u00e9lectif \u00bb, celle-ci ayant \u00e9t\u00e9 confi\u00e9e au commissariat de police de Pau.<\/p>\n<p>Ce type de menace n\u2019est malheureusement pas nouveau pour Fran\u00e7ois Bayrou. Le pr\u00e9sident du Modem a indiqu\u00e9 qu&#8217;il re\u00e7oit en moyenne cinq \u00e0 six lettres anonymes mena\u00e7antes par an. Dor\u00e9navant, il s\u2019est engag\u00e9 \u00e0 porter syst\u00e9matiquement plainte pour chaque menace re\u00e7ue.<\/p>\n<p>Les premiers \u00e9l\u00e9ments de l&#8217;enqu\u00eate, rapport\u00e9s par France Info, r\u00e9v\u00e8lent que l\u2019un des courriers \u00e9tait sign\u00e9 \u00ab NFP\/Nemesis \u00bb, une r\u00e9f\u00e9rence possible au Nouveau Front Populaire et \u00e0 \u00ab Nemesis \u00bb, un groupe d\u2019extr\u00eame droite identitaire se revendiquant f\u00e9ministe. Un second courrier, re\u00e7u \u00e9galement au secr\u00e9tariat de la mairie de Pau, \u00e9tait r\u00e9dig\u00e9 avec une \u00e9criture diff\u00e9rente.<\/p>\n<p>L\u2019entourage de Fran\u00e7ois Bayrou, \u00e2g\u00e9 de 73 ans, a confirm\u00e9 que ce dernier prend tr\u00e8s au s\u00e9rieux ces menaces et qu&#8217;il se conforme d\u00e9sormais \u00e0 une proc\u00e9dure stricte de signalement \u00e0 la justice. Le procureur Rodolphe Jarry a ajout\u00e9 que le parquet de Pau avait d\u00e9j\u00e0 \u00e9t\u00e9 confront\u00e9 \u00e0 des incidents similaires par le pass\u00e9 concernant Fran\u00e7ois Bayrou, ce qui avait conduit \u00e0 l&#8217;ouverture de plusieurs enqu\u00eates.<\/p>\n<p>Cette situation souligne une fois de plus les dangers et les pressions auxquels les \u00e9lus locaux peuvent \u00eatre confront\u00e9s, et renforce la n\u00e9cessit\u00e9 de mesures de protection ad\u00e9quates pour assurer leur s\u00e9curit\u00e9.<\/p>\n","protected":false},"excerpt":{"rendered":"<p>Le maire de Pau et pr\u00e9sident du Modem, Fran\u00e7ois Bayrou, a r\u00e9cemment \u00e9t\u00e9 la cible de menaces de mort, ce qui l\u2019a conduit \u00e0 d\u00e9poser plainte. Le 11 et le 15 juillet derniers, deux lettres anonymes contenant des insultes et des menaces de mort ont \u00e9t\u00e9 envoy\u00e9es \u00e0 la mairie de Pau. Le procureur de [&hellip;]<\/p>\n","protected":false},"author":1,"featured_media":470,"comment_status":"closed","ping_status":"open","sticky":false,"template":"","format":"standard","meta":{"_jetpack_memberships_contains_paid_content":false,"footnotes":""},"categories":[25],"tags":[],"class_list":["post-658","post","type-post","status-publish","format-standard","has-post-thumbnail","hentry","category-la-une"],"jetpack_featured_media_url":"https:\/\/info-politique.fr\/wp-content\/uploads\/2024\/02\/Capture-decran-2024-02-05-a-14.25.59.png","jetpack_sharing_enabled":true,"_links":{"self":[{"href":"https:\/\/info-politique.fr\/index.php\/wp-json\/wp\/v2\/posts\/658","targetHints":{"allow":["GET"]}}],"collection":[{"href":"https:\/\/info-politique.fr\/index.php\/wp-json\/wp\/v2\/posts"}],"about":[{"href":"https:\/\/info-politique.fr\/index.php\/wp-json\/wp\/v2\/types\/post"}],"author":[{"embeddable":true,"href":"https:\/\/info-politique.fr\/index.php\/wp-json\/wp\/v2\/users\/1"}],"replies":[{"embeddable":true,"href":"https:\/\/info-politique.fr\/index.php\/wp-json\/wp\/v2\/comments?post=658"}],"version-history":[{"count":1,"href":"https:\/\/info-politique.fr\/index.php\/wp-json\/wp\/v2\/posts\/658\/revisions"}],"predecessor-version":[{"id":659,"href":"https:\/\/info-politique.fr\/index.php\/wp-json\/wp\/v2\/posts\/658\/revisions\/659"}],"wp:featuredmedia":[{"embeddable":true,"href":"https:\/\/info-politique.fr\/index.php\/wp-json\/wp\/v2\/media\/470"}],"wp:attachment":[{"href":"https:\/\/info-politique.fr\/index.php\/wp-json\/wp\/v2\/media?parent=658"}],"wp:term":[{"taxonomy":"category","embeddable":true,"href":"https:\/\/info-politique.fr\/index.php\/wp-json\/wp\/v2\/categories?post=658"},{"taxonomy":"post_tag","embeddable":true,"href":"https:\/\/info-politique.fr\/index.php\/wp-json\/wp\/v2\/tags?post=658"}],"curies":[{"name":"wp","href":"https:\/\/api.w.org\/{rel}","templated":true}]}}