{"id":675,"date":"2024-09-25T17:52:47","date_gmt":"2024-09-25T15:52:47","guid":{"rendered":"https:\/\/info-politique.fr\/?p=675"},"modified":"2024-09-25T17:58:12","modified_gmt":"2024-09-25T15:58:12","slug":"governatori-veut-bannir-les-mechants","status":"publish","type":"post","link":"https:\/\/info-politique.fr\/index.php\/2024\/09\/25\/governatori-veut-bannir-les-mechants\/","title":{"rendered":"GOVERNATORI VEUT BANNIR LES M\u00c9CHANTS"},"content":{"rendered":"<p>En r\u00e9action \u00e0 la trag\u00e9die ayant co\u00fbt\u00e9 la vie \u00e0 une jeune femme pr\u00e9nomm\u00e9e Philippine, Jean-Marc Governatori, \u00e9lu \u00e9cologiste ni\u00e7ois et copr\u00e9sident du parti &#8220;\u00c9cologie au centre&#8221;, a relanc\u00e9 le d\u00e9bat sur deux propositions radicales en mati\u00e8re de s\u00e9curit\u00e9. Dans un communiqu\u00e9 envoy\u00e9 \u00e0 la presse, il propose la cr\u00e9ation de prisons sur des \u00eeles fran\u00e7aises inhabit\u00e9es pour les multir\u00e9cidivistes et criminels, ainsi qu\u2019une mesure in\u00e9dite pour les individus sous le coup d&#8217;une Obligation de Quitter le Territoire Fran\u00e7ais (OQTF), qui refuse de quitter le pays.<\/p>\n<p><strong>Des prisons insulaires pour certains multir\u00e9cidivistes et certains criminels<\/strong><\/p>\n<p>La premi\u00e8re proposition du responsable politique consiste \u00e0 construire des prisons sur des \u00eeles inhabit\u00e9es pour y bannir certains multir\u00e9cidivistes et certains criminels. Jean Marc Governatori insiste sur le fait qu&#8217;il ne s&#8217;agit pas de r\u00e9introduire une forme de bagne, mais plut\u00f4t d&#8217;une solution s\u00e9curitaire \u00e0 destination de ceux qu&#8217;il consid\u00e8re comme incorrigibles. Selon lui, l&#8217;enfermement de ces d\u00e9linquants loin du continent pourrait pr\u00e9venir de nouveaux drames comme celui de Philippine.<\/p>\n<p><strong>Un bannissement des OQTF vers des \u00eeles am\u00e9nag\u00e9es<\/strong><\/p>\n<p>La deuxi\u00e8me mesure d\u00e9fendue par l&#8217;\u00e9lu \u00e9cologiste s\u2019attaque au probl\u00e8me des OQTF, qu&#8217;il rebaptise &#8220;IQTF&#8221; (Invitations \u00e0 Quitter le Territoire Fran\u00e7ais) en raison, selon lui, de leur manque d&#8217;effectivit\u00e9. Il propose ainsi de bannir ces individus sur une \u00eele fran\u00e7aise inhabitable qu&#8217;il s&#8217;agirait d&#8217;organiser pour y accueillir ces personnes. &#8220;Ils veulent rester sur le territoire fran\u00e7ais, ils le seront&#8221;, ironise-t-il, en sugg\u00e9rant qu&#8217;ils puissent \u00eatre relocalis\u00e9s sur ces terres isol\u00e9es.<\/p>\n<p><strong>Entre r\u00e9alisme et provocation<\/strong><\/p>\n<p>Jean-Marc Governatori n\u2019en est pas \u00e0 sa premi\u00e8re proposition controvers\u00e9e, et sa position en faveur d&#8217;une \u00e9cologie centriste le place parfois \u00e0 contre-courant des partis traditionnels. En insistant sur le lien entre s\u00e9curit\u00e9 et immigration, il fait le pari de placer la question de la protection des citoyens au c\u0153ur de ses priorit\u00e9s, quitte \u00e0 proposer des solutions drastiques.<\/p>\n<p>Ces propositions suscitent \u00e9videmment des r\u00e9actions contrast\u00e9es, certains y voyant une r\u00e9ponse pragmatique face \u00e0 l\u2019impuissance de l\u2019\u00c9tat \u00e0 appliquer les OQTF, tandis que d\u2019autres d\u00e9noncent des mesures contraires aux principes r\u00e9publicains et aux droits de l\u2019homme.<\/p>\n<p>Ce communiqu\u00e9 relance un d\u00e9bat plus large sur la gestion des multir\u00e9cidivistes et des individus sous le coup d\u2019une OQTF, dans un contexte o\u00f9 l&#8217;exasp\u00e9ration d&#8217;une partie de la population face \u00e0 l&#8217;ins\u00e9curit\u00e9 s&#8217;accro\u00eet. Cependant, l&#8217;\u00e9lu \u00e9cologiste semble conscient du caract\u00e8re extr\u00eame de ses propositions, en pr\u00e9cisant qu&#8217;elles sont &#8220;\u00e0 d\u00e9battre&#8221; et que ce sera au Parlement de les &#8220;peaufiner&#8221;.<\/p>\n<p>Reste \u00e0 savoir si ces id\u00e9es, largement inspir\u00e9es de mesures historiques et parfois per\u00e7ues comme r\u00e9trogrades, trouveront un \u00e9cho dans les institutions et aupr\u00e8s du grand public.<\/p>\n","protected":false},"excerpt":{"rendered":"<p>En r\u00e9action \u00e0 la trag\u00e9die ayant co\u00fbt\u00e9 la vie \u00e0 une jeune femme pr\u00e9nomm\u00e9e Philippine, Jean-Marc Governatori, \u00e9lu \u00e9cologiste ni\u00e7ois et copr\u00e9sident du parti &#8220;\u00c9cologie au centre&#8221;, a relanc\u00e9 le d\u00e9bat sur deux propositions radicales en mati\u00e8re de s\u00e9curit\u00e9. Dans un communiqu\u00e9 envoy\u00e9 \u00e0 la presse, il propose la cr\u00e9ation de prisons sur des \u00eeles [&hellip;]<\/p>\n","protected":false},"author":1,"featured_media":568,"comment_status":"closed","ping_status":"open","sticky":false,"template":"","format":"standard","meta":{"_jetpack_memberships_contains_paid_content":false,"footnotes":""},"categories":[25],"tags":[],"class_list":["post-675","post","type-post","status-publish","format-standard","has-post-thumbnail","hentry","category-la-une"],"jetpack_featured_media_url":"https:\/\/info-politique.fr\/wp-content\/uploads\/2024\/05\/Capture-decran-2024-05-05-a-16.12.40.png","jetpack_sharing_enabled":true,"_links":{"self":[{"href":"https:\/\/info-politique.fr\/index.php\/wp-json\/wp\/v2\/posts\/675","targetHints":{"allow":["GET"]}}],"collection":[{"href":"https:\/\/info-politique.fr\/index.php\/wp-json\/wp\/v2\/posts"}],"about":[{"href":"https:\/\/info-politique.fr\/index.php\/wp-json\/wp\/v2\/types\/post"}],"author":[{"embeddable":true,"href":"https:\/\/info-politique.fr\/index.php\/wp-json\/wp\/v2\/users\/1"}],"replies":[{"embeddable":true,"href":"https:\/\/info-politique.fr\/index.php\/wp-json\/wp\/v2\/comments?post=675"}],"version-history":[{"count":3,"href":"https:\/\/info-politique.fr\/index.php\/wp-json\/wp\/v2\/posts\/675\/revisions"}],"predecessor-version":[{"id":680,"href":"https:\/\/info-politique.fr\/index.php\/wp-json\/wp\/v2\/posts\/675\/revisions\/680"}],"wp:featuredmedia":[{"embeddable":true,"href":"https:\/\/info-politique.fr\/index.php\/wp-json\/wp\/v2\/media\/568"}],"wp:attachment":[{"href":"https:\/\/info-politique.fr\/index.php\/wp-json\/wp\/v2\/media?parent=675"}],"wp:term":[{"taxonomy":"category","embeddable":true,"href":"https:\/\/info-politique.fr\/index.php\/wp-json\/wp\/v2\/categories?post=675"},{"taxonomy":"post_tag","embeddable":true,"href":"https:\/\/info-politique.fr\/index.php\/wp-json\/wp\/v2\/tags?post=675"}],"curies":[{"name":"wp","href":"https:\/\/api.w.org\/{rel}","templated":true}]}}