{"id":698,"date":"2024-11-05T16:29:49","date_gmt":"2024-11-05T15:29:49","guid":{"rendered":"https:\/\/info-politique.fr\/?p=698"},"modified":"2024-11-05T16:29:49","modified_gmt":"2024-11-05T15:29:49","slug":"retraites-la-gauche-decroche-une-victoire-symbolique-a-lassemble","status":"publish","type":"post","link":"https:\/\/info-politique.fr\/index.php\/2024\/11\/05\/retraites-la-gauche-decroche-une-victoire-symbolique-a-lassemble\/","title":{"rendered":"Retraites : La gauche d\u00e9croche une victoire symbolique \u00e0 l\u2019Assembl\u00e9"},"content":{"rendered":"<p>Les d\u00e9put\u00e9s de gauche ont r\u00e9ussi \u00e0 faire adopter une version profond\u00e9ment remani\u00e9e de la partie \u00ab recettes \u00bb du budget 2025 de la S\u00e9curit\u00e9 sociale, marquant ainsi un coup d&#8217;\u00e9clat face au gouvernement.<\/p>\n<h3>L&#8217;adoption d&#8217;un budget amend\u00e9<\/h3>\n<p>L\u2019Assembl\u00e9e nationale a approuv\u00e9 lundi soir, avec une majorit\u00e9 compos\u00e9e de voix de gauche, un texte r\u00e9vis\u00e9 de la section \u00ab recettes \u00bb du Projet de loi de financement de la S\u00e9curit\u00e9 sociale (PLFSS) pour 2025. Cette version amend\u00e9e, qui ajoute entre 17 et 20 milliards d\u2019euros de cotisations suppl\u00e9mentaires, a \u00e9t\u00e9 valid\u00e9e en premi\u00e8re lecture par 126 votes \u00ab pour \u00bb contre 98 \u00ab contre \u00bb. Le groupe LFI a qualifi\u00e9 cette adoption de \u00ab victoire incroyable \u00bb, tandis que le Rassemblement national, bien que d\u00e9favorable aux mesures fiscales introduites par la gauche, a choisi de s\u2019abstenir pour \u00e9viter une interruption pr\u00e9matur\u00e9e des d\u00e9bats.<\/p>\n<h3>Des changements notables et des amendements en suspens<\/h3>\n<p>Dans la soir\u00e9e, les d\u00e9put\u00e9s ont poursuivi l\u2019examen du texte en se concentrant sur la partie \u00ab d\u00e9penses \u00bb. Plusieurs amendements ont d\u00e9j\u00e0 \u00e9t\u00e9 adopt\u00e9s, notamment l&#8217;arr\u00eat du remboursement des tests Covid sans ordonnance, ainsi que la suppression d\u2019un dispositif qui aurait conditionn\u00e9 certains remboursements de soins \u00e0 une justification m\u00e9dicale. Toutefois, avec 530 amendements restants, les \u00e9lus sont dans une course contre la montre, l&#8217;examen devant imp\u00e9rativement se terminer dans la nuit de mardi \u00e0 mercredi, conform\u00e9ment aux d\u00e9lais constitutionnels.<\/p>\n<h3>Priorit\u00e9 aux sujets les plus sensibles<\/h3>\n<p>Face aux contraintes de temps, le d\u00e9put\u00e9 socialiste J\u00e9r\u00f4me Guedj a propos\u00e9 de retirer certains amendements pour acc\u00e9l\u00e9rer les discussions, tout en sugg\u00e9rant au gouvernement de r\u00e9organiser l&#8217;ordre des articles afin de prioriser les sujets pol\u00e9miques, notamment celui du gel des pensions de retraite.<\/p>\n<p>La validation de la partie \u00ab recettes \u00bb est d\u2019autant plus surprenante que celle-ci avait \u00e9t\u00e9 rejet\u00e9e \u00e0 l\u2019unanimit\u00e9 en commission des Affaires sociales. Ce texte amend\u00e9, d&#8217;un montant avoisinant les 600 milliards d\u2019euros, pr\u00e9voit de nouvelles contributions fiscales et sociales, ciblant principalement les grandes fortunes, les hauts revenus, et certaines entreprises multinationales, une orientation que la gauche consid\u00e8re comme une avanc\u00e9e majeure.<\/p>\n<h3>Retour en arri\u00e8re sur l\u2019\u00e2ge de d\u00e9part \u00e0 la retraite<\/h3>\n<p>Sur le sujet sensible des retraites, les \u00e9lus de gauche ont r\u00e9ussi \u00e0 inclure des amendements qui annulent l&#8217;augmentation de l&#8217;\u00e2ge de d\u00e9part de 62 \u00e0 64 ans. Cette victoire symbolique est toutefois loin d&#8217;\u00eatre d\u00e9finitive, car le projet de loi n\u2019en est qu\u2019\u00e0 ses d\u00e9buts dans le processus parlementaire. Le gouvernement pourrait \u00e9galement recourir \u00e0 l&#8217;article 49.3 de la Constitution, lui permettant de supprimer certains amendements avant la version finale du texte.<\/p>\n<p>Ainsi, bien que le vote de lundi marque une \u00e9tape importante pour les partis de gauche, le PLFSS pourrait encore \u00eatre modifi\u00e9 au cours des prochains mois, en fonction des choix de l\u2019ex\u00e9cutif et des ajustements en cours de route.<\/p>\n","protected":false},"excerpt":{"rendered":"<p>Les d\u00e9put\u00e9s de gauche ont r\u00e9ussi \u00e0 faire adopter une version profond\u00e9ment remani\u00e9e de la partie \u00ab recettes \u00bb du budget 2025 de la S\u00e9curit\u00e9 sociale, marquant ainsi un coup d&#8217;\u00e9clat face au gouvernement. L&#8217;adoption d&#8217;un budget amend\u00e9 L\u2019Assembl\u00e9e nationale a approuv\u00e9 lundi soir, avec une majorit\u00e9 compos\u00e9e de voix de gauche, un texte r\u00e9vis\u00e9 [&hellip;]<\/p>\n","protected":false},"author":1,"featured_media":615,"comment_status":"closed","ping_status":"open","sticky":false,"template":"","format":"standard","meta":{"_jetpack_memberships_contains_paid_content":false,"footnotes":""},"categories":[25],"tags":[],"class_list":["post-698","post","type-post","status-publish","format-standard","has-post-thumbnail","hentry","category-la-une"],"jetpack_featured_media_url":"https:\/\/info-politique.fr\/wp-content\/uploads\/2024\/06\/Capture-decran-2024-06-05-a-13.34.57.png","jetpack_sharing_enabled":true,"_links":{"self":[{"href":"https:\/\/info-politique.fr\/index.php\/wp-json\/wp\/v2\/posts\/698","targetHints":{"allow":["GET"]}}],"collection":[{"href":"https:\/\/info-politique.fr\/index.php\/wp-json\/wp\/v2\/posts"}],"about":[{"href":"https:\/\/info-politique.fr\/index.php\/wp-json\/wp\/v2\/types\/post"}],"author":[{"embeddable":true,"href":"https:\/\/info-politique.fr\/index.php\/wp-json\/wp\/v2\/users\/1"}],"replies":[{"embeddable":true,"href":"https:\/\/info-politique.fr\/index.php\/wp-json\/wp\/v2\/comments?post=698"}],"version-history":[{"count":1,"href":"https:\/\/info-politique.fr\/index.php\/wp-json\/wp\/v2\/posts\/698\/revisions"}],"predecessor-version":[{"id":699,"href":"https:\/\/info-politique.fr\/index.php\/wp-json\/wp\/v2\/posts\/698\/revisions\/699"}],"wp:featuredmedia":[{"embeddable":true,"href":"https:\/\/info-politique.fr\/index.php\/wp-json\/wp\/v2\/media\/615"}],"wp:attachment":[{"href":"https:\/\/info-politique.fr\/index.php\/wp-json\/wp\/v2\/media?parent=698"}],"wp:term":[{"taxonomy":"category","embeddable":true,"href":"https:\/\/info-politique.fr\/index.php\/wp-json\/wp\/v2\/categories?post=698"},{"taxonomy":"post_tag","embeddable":true,"href":"https:\/\/info-politique.fr\/index.php\/wp-json\/wp\/v2\/tags?post=698"}],"curies":[{"name":"wp","href":"https:\/\/api.w.org\/{rel}","templated":true}]}}