{"id":702,"date":"2024-11-18T11:00:19","date_gmt":"2024-11-18T10:00:19","guid":{"rendered":"https:\/\/info-politique.fr\/?p=702"},"modified":"2024-11-18T11:03:12","modified_gmt":"2024-11-18T10:03:12","slug":"pourquoi-des-adversaires-de-marine-le-pen-sopposent-a-sa-possible-ineligibilite","status":"publish","type":"post","link":"https:\/\/info-politique.fr\/index.php\/2024\/11\/18\/pourquoi-des-adversaires-de-marine-le-pen-sopposent-a-sa-possible-ineligibilite\/","title":{"rendered":"Pourquoi des adversaires de Marine Le Pen s&#8217;opposent \u00e0 sa possible in\u00e9ligibilit\u00e9"},"content":{"rendered":"<p>Une possible in\u00e9ligibilit\u00e9 de Marine Le Pen, requise par le parquet dans le cadre du proc\u00e8s des assistants parlementaires du Rassemblement national, suscite des r\u00e9actions inattendues jusque parmi ses adversaires politiques.<\/p>\n<p>Coup de tonnerre dans le paysage politique fran\u00e7ais : le parquet a requis cinq ans d\u2019in\u00e9ligibilit\u00e9 contre Marine Le Pen, en plus d\u2019une peine de prison, dans l\u2019affaire des assistants parlementaires europ\u00e9ens du Rassemblement national. Une ex\u00e9cution provisoire a \u00e9galement \u00e9t\u00e9 demand\u00e9e, ce qui rendrait cette in\u00e9ligibilit\u00e9 effective d\u00e8s le jugement, m\u00eame en cas d\u2019appel. Une d\u00e9cision de justice qui, si elle \u00e9tait suivie, priverait la triple candidate \u00e0 l\u2019\u00e9lection pr\u00e9sidentielle d\u2019une nouvelle course en 2027.<\/p>\n<h3>Une d\u00e9cision per\u00e7ue comme un &#8220;d\u00e9ni de d\u00e9mocratie&#8221;<\/h3>\n<p>Les soutiens de Marine Le Pen ont rapidement d\u00e9nonc\u00e9 une \u00ab man\u0153uvre politique \u00bb visant \u00e0 exclure leur figure de proue. Pourtant, l\u2019\u00e9motion d\u00e9passe largement les rangs du RN. G\u00e9rald Darmanin, ancien ministre de l\u2019Int\u00e9rieur et adversaire assum\u00e9 de la cheffe du parti, s\u2019est fermement oppos\u00e9 \u00e0 une \u00e9ventuelle in\u00e9ligibilit\u00e9, \u00e9voquant une menace pour le fonctionnement d\u00e9mocratique. \u00ab Ce n\u2019est pas aux tribunaux d\u2019\u00e9carter une candidate. Le combat contre Marine Le Pen doit se mener dans les urnes, pas ailleurs \u00bb, a-t-il d\u00e9clar\u00e9, insistant sur l\u2019importance de ne pas aggraver la d\u00e9fiance entre les Fran\u00e7ais et leurs institutions.<\/p>\n<p>Dans le m\u00eame esprit, le maire de Nice, Christian Estrosi, a exprim\u00e9 son inqui\u00e9tude face \u00e0 une potentielle exclusion judiciaire du d\u00e9bat politique. \u00ab Si elle doit \u00eatre condamn\u00e9e, qu\u2019elle le soit, mais priver les \u00e9lecteurs d\u2019un choix en 2027 serait une erreur d\u00e9mocratique \u00bb, a-t-il soulign\u00e9.<\/p>\n<h3>\u00c9ric Zemmour d\u00e9nonce une &#8220;justice politique&#8221;<\/h3>\n<p>M\u00eame \u00c9ric Zemmour, pourtant connu pour ses attaques virulentes contre Marine Le Pen, s\u2019est insurg\u00e9 contre l\u2019id\u00e9e d\u2019une in\u00e9ligibilit\u00e9 impos\u00e9e par la justice. \u00ab Cela reviendrait \u00e0 confier \u00e0 des juges le pouvoir de d\u00e9cider qui peut ou non se pr\u00e9senter \u00e0 une \u00e9lection pr\u00e9sidentielle. C\u2019est intol\u00e9rable dans une d\u00e9mocratie digne de ce nom \u00bb, a-t-il martel\u00e9, rappelant que le suffrage universel reste le socle de la R\u00e9publique.<\/p>\n<h3>Un d\u00e9bat autour de la l\u00e9gislation<\/h3>\n<p>Cependant, d\u2019autres responsables politiques ont tenu \u00e0 rappeler que ces r\u00e9quisitions s\u2019appuient sur une loi existante, vot\u00e9e par des \u00e9lus du peuple. Sacha Houli\u00e9, ancien d\u00e9put\u00e9 macroniste, a ainsi mis en avant la l\u00e9gitimit\u00e9 des juges \u00e0 appliquer cette l\u00e9gislation, tout en appelant \u00e0 un d\u00e9bat parlementaire pour revoir l\u2019automaticit\u00e9 des peines d\u2019in\u00e9ligibilit\u00e9. Une piste \u00e9galement \u00e9voqu\u00e9e par Christian Estrosi, qui y voit un moyen de pr\u00e9server le d\u00e9bat d\u00e9mocratique.<\/p>\n<p>La d\u00e9cision du tribunal, attendue avec impatience, pourrait red\u00e9finir les r\u00e8gles du jeu politique en France et marquer un tournant d\u00e9cisif dans la carri\u00e8re de Marine Le Pen. En attendant, cette affaire soul\u00e8ve des questions fondamentales sur l\u2019\u00e9quilibre entre justice et d\u00e9mocratie, au c\u0153ur m\u00eame du contrat r\u00e9publicain.<\/p>\n","protected":false},"excerpt":{"rendered":"<p>Une possible in\u00e9ligibilit\u00e9 de Marine Le Pen, requise par le parquet dans le cadre du proc\u00e8s des assistants parlementaires du Rassemblement national, suscite des r\u00e9actions inattendues jusque parmi ses adversaires politiques. Coup de tonnerre dans le paysage politique fran\u00e7ais : le parquet a requis cinq ans d\u2019in\u00e9ligibilit\u00e9 contre Marine Le Pen, en plus d\u2019une peine [&hellip;]<\/p>\n","protected":false},"author":1,"featured_media":302,"comment_status":"closed","ping_status":"open","sticky":false,"template":"","format":"standard","meta":{"_jetpack_memberships_contains_paid_content":false,"footnotes":""},"categories":[25],"tags":[],"class_list":["post-702","post","type-post","status-publish","format-standard","has-post-thumbnail","hentry","category-la-une"],"jetpack_featured_media_url":"https:\/\/info-politique.fr\/wp-content\/uploads\/2023\/07\/MLP.jpeg","jetpack_sharing_enabled":true,"_links":{"self":[{"href":"https:\/\/info-politique.fr\/index.php\/wp-json\/wp\/v2\/posts\/702","targetHints":{"allow":["GET"]}}],"collection":[{"href":"https:\/\/info-politique.fr\/index.php\/wp-json\/wp\/v2\/posts"}],"about":[{"href":"https:\/\/info-politique.fr\/index.php\/wp-json\/wp\/v2\/types\/post"}],"author":[{"embeddable":true,"href":"https:\/\/info-politique.fr\/index.php\/wp-json\/wp\/v2\/users\/1"}],"replies":[{"embeddable":true,"href":"https:\/\/info-politique.fr\/index.php\/wp-json\/wp\/v2\/comments?post=702"}],"version-history":[{"count":1,"href":"https:\/\/info-politique.fr\/index.php\/wp-json\/wp\/v2\/posts\/702\/revisions"}],"predecessor-version":[{"id":703,"href":"https:\/\/info-politique.fr\/index.php\/wp-json\/wp\/v2\/posts\/702\/revisions\/703"}],"wp:featuredmedia":[{"embeddable":true,"href":"https:\/\/info-politique.fr\/index.php\/wp-json\/wp\/v2\/media\/302"}],"wp:attachment":[{"href":"https:\/\/info-politique.fr\/index.php\/wp-json\/wp\/v2\/media?parent=702"}],"wp:term":[{"taxonomy":"category","embeddable":true,"href":"https:\/\/info-politique.fr\/index.php\/wp-json\/wp\/v2\/categories?post=702"},{"taxonomy":"post_tag","embeddable":true,"href":"https:\/\/info-politique.fr\/index.php\/wp-json\/wp\/v2\/tags?post=702"}],"curies":[{"name":"wp","href":"https:\/\/api.w.org\/{rel}","templated":true}]}}