{"id":707,"date":"2024-11-18T11:09:55","date_gmt":"2024-11-18T10:09:55","guid":{"rendered":"https:\/\/info-politique.fr\/?p=707"},"modified":"2024-11-18T11:09:55","modified_gmt":"2024-11-18T10:09:55","slug":"tolerance-zero-en-cas-de-blocage-durable-des-agriculteurs-previent-retailleau","status":"publish","type":"post","link":"https:\/\/info-politique.fr\/index.php\/2024\/11\/18\/tolerance-zero-en-cas-de-blocage-durable-des-agriculteurs-previent-retailleau\/","title":{"rendered":"\u00ab Tol\u00e9rance z\u00e9ro \u00bb en cas de \u00ab blocage durable \u00bb des agriculteurs, pr\u00e9vient Retailleau"},"content":{"rendered":"<p>Alors que les agriculteurs pr\u00e9voient des mobilisations dans tout le pays, le ministre de l\u2019Int\u00e9rieur, Bruno Retailleau, avertit : toute obstruction durable des routes sera r\u00e9prim\u00e9e fermement.<\/p>\n<p>Le message est clair : le gouvernement ne tol\u00e9rera aucun blocage prolong\u00e9 des infrastructures routi\u00e8res lors des manifestations agricoles qui d\u00e9butent ce dimanche. \u00ab Pas d\u2019atteintes aux biens, pas d\u2019atteintes aux personnes et pas de blocages durables : ces limites sont non n\u00e9gociables \u00bb, a affirm\u00e9 Bruno Retailleau lors d\u2019une intervention sur le plateau du Grand Jury RTL\/M6\/Le Figaro.<\/p>\n<h3>Des protestations encadr\u00e9es mais surveill\u00e9es<\/h3>\n<p>Les agriculteurs, en col\u00e8re contre la bureaucratie, les faibles revenus agricoles, et l\u2019accord de libre-\u00e9change UE-Mercosur, entendent exprimer leur m\u00e9contentement par des actions dans plusieurs r\u00e9gions. Retailleau, tout en reconnaissant leur droit \u00e0 manifester, s\u2019est entretenu avec les syndicats agricoles pour poser des garde-fous. \u00ab Le dialogue est ouvert, mais si ces limites sont franchies, nous interviendrons sans h\u00e9sitation \u00bb, a-t-il d\u00e9clar\u00e9, rappelant que les forces de l\u2019ordre seront mobilis\u00e9es si n\u00e9cessaire.<\/p>\n<p>Interrog\u00e9 sur les actions symboliques telles que le d\u00e9p\u00f4t de fumier devant des pr\u00e9fectures, tol\u00e9r\u00e9es par son pr\u00e9d\u00e9cesseur, le ministre a pr\u00e9cis\u00e9 : \u00ab Tant qu\u2019il n\u2019y a pas de d\u00e9gradations ou d\u2019entrave durable, ces actions ne sont pas notre priorit\u00e9. Mais les blocages prolong\u00e9s, eux, seront r\u00e9prim\u00e9s. \u00bb<\/p>\n<h3>Comparaison avec les cheminots<\/h3>\n<p>Profitant de l\u2019occasion, Retailleau a oppos\u00e9 la mobilisation des agriculteurs \u00e0 celle, r\u00e9currente, des cheminots. Il a d\u00e9nonc\u00e9 ce qu\u2019il consid\u00e8re comme des prises d\u2019otage r\u00e9p\u00e9t\u00e9es de la population par une partie du secteur ferroviaire : \u00ab Les agriculteurs se battent pour survivre. Les cheminots, eux, perturbent r\u00e9guli\u00e8rement le quotidien des Fran\u00e7ais qui travaillent. Ce sont deux r\u00e9alit\u00e9s bien distinctes. \u00bb<\/p>\n<h3>Les revendications agricoles toujours d\u2019actualit\u00e9<\/h3>\n<p>Les agriculteurs d\u00e9noncent l\u2019insuffisance des aides malgr\u00e9 les annonces gouvernementales, et s\u2019opposent fermement \u00e0 l\u2019accord Mercosur, qu\u2019ils jugent incompatible avec leurs int\u00e9r\u00eats. Le gouvernement, de son c\u00f4t\u00e9, assure user de tous les leviers pour contrer cet accord.<\/p>\n<p>Avec ces manifestations, le monde agricole cherche une fois de plus \u00e0 faire entendre sa d\u00e9tresse. Mais face \u00e0 un ministre d\u00e9termin\u00e9 \u00e0 maintenir l\u2019ordre, le d\u00e9fi sera de conjuguer protestation et respect des r\u00e8gles, dans un contexte o\u00f9 la tension entre mobilisation sociale et fermet\u00e9 gouvernementale reste palpable.<\/p>\n","protected":false},"excerpt":{"rendered":"<p>Alors que les agriculteurs pr\u00e9voient des mobilisations dans tout le pays, le ministre de l\u2019Int\u00e9rieur, Bruno Retailleau, avertit : toute obstruction durable des routes sera r\u00e9prim\u00e9e fermement. Le message est clair : le gouvernement ne tol\u00e9rera aucun blocage prolong\u00e9 des infrastructures routi\u00e8res lors des manifestations agricoles qui d\u00e9butent ce dimanche. \u00ab Pas d\u2019atteintes aux biens, [&hellip;]<\/p>\n","protected":false},"author":1,"featured_media":708,"comment_status":"closed","ping_status":"open","sticky":false,"template":"","format":"standard","meta":{"_jetpack_memberships_contains_paid_content":false,"footnotes":""},"categories":[25],"tags":[],"class_list":["post-707","post","type-post","status-publish","format-standard","has-post-thumbnail","hentry","category-la-une"],"jetpack_featured_media_url":"https:\/\/info-politique.fr\/wp-content\/uploads\/2024\/11\/Capture-decran-2024-11-18-a-11.08.49.png","jetpack_sharing_enabled":true,"_links":{"self":[{"href":"https:\/\/info-politique.fr\/index.php\/wp-json\/wp\/v2\/posts\/707","targetHints":{"allow":["GET"]}}],"collection":[{"href":"https:\/\/info-politique.fr\/index.php\/wp-json\/wp\/v2\/posts"}],"about":[{"href":"https:\/\/info-politique.fr\/index.php\/wp-json\/wp\/v2\/types\/post"}],"author":[{"embeddable":true,"href":"https:\/\/info-politique.fr\/index.php\/wp-json\/wp\/v2\/users\/1"}],"replies":[{"embeddable":true,"href":"https:\/\/info-politique.fr\/index.php\/wp-json\/wp\/v2\/comments?post=707"}],"version-history":[{"count":1,"href":"https:\/\/info-politique.fr\/index.php\/wp-json\/wp\/v2\/posts\/707\/revisions"}],"predecessor-version":[{"id":709,"href":"https:\/\/info-politique.fr\/index.php\/wp-json\/wp\/v2\/posts\/707\/revisions\/709"}],"wp:featuredmedia":[{"embeddable":true,"href":"https:\/\/info-politique.fr\/index.php\/wp-json\/wp\/v2\/media\/708"}],"wp:attachment":[{"href":"https:\/\/info-politique.fr\/index.php\/wp-json\/wp\/v2\/media?parent=707"}],"wp:term":[{"taxonomy":"category","embeddable":true,"href":"https:\/\/info-politique.fr\/index.php\/wp-json\/wp\/v2\/categories?post=707"},{"taxonomy":"post_tag","embeddable":true,"href":"https:\/\/info-politique.fr\/index.php\/wp-json\/wp\/v2\/tags?post=707"}],"curies":[{"name":"wp","href":"https:\/\/api.w.org\/{rel}","templated":true}]}}