{"id":754,"date":"2025-02-18T19:00:26","date_gmt":"2025-02-18T18:00:26","guid":{"rendered":"https:\/\/info-politique.fr\/?p=754"},"modified":"2025-03-04T15:37:16","modified_gmt":"2025-03-04T14:37:16","slug":"marine-tondelier-denonce-le-syndrome-de-lautruche-sur-lecologie","status":"publish","type":"post","link":"https:\/\/info-politique.fr\/index.php\/2025\/02\/18\/marine-tondelier-denonce-le-syndrome-de-lautruche-sur-lecologie\/","title":{"rendered":"Marine Tondelier d\u00e9nonce le \u00ab syndrome de l\u2019autruche \u00bb sur l\u2019\u00e9cologie"},"content":{"rendered":"<p data-pm-slice=\"1 1 []\">La secr\u00e9taire nationale des Ecologistes, Marine Tondelier, d\u00e9plore l&#8217;\u00e9viction progressive des questions environnementales du d\u00e9bat politique, invoquant un &#8220;syndrome de l&#8217;autruche&#8221;.<\/p>\n<p>L&#8217;essentiel<\/p>\n<p>Marine Tondelier d\u00e9nonce le recul de l&#8217;\u00e9cologie dans les discussions publiques, une situation qu&#8217;elle attribue \u00e0 une forme de d\u00e9ni collectif face aux enjeux climatiques. Elle accuse l&#8217;extr\u00eame droite de stigmatiser les militants \u00e9cologistes, les transformant en boucs \u00e9missaires politiques : &#8220;Si Trump a d\u00e9sign\u00e9 l&#8217;\u00e9cologie comme adversaire num\u00e9ro un, c&#8217;est parce que son courant politique per\u00e7oit en elle un contre-projet diam\u00e9tralement oppos\u00e9.&#8221; Elle appelle \u00e0 ne pas c\u00e9der au fatalisme, rappelant que la pollution est responsable de 9 millions de d\u00e9c\u00e8s annuels, que la moiti\u00e9 des Fran\u00e7ais consomment une eau contamin\u00e9e, et que des microplastiques s&#8217;infiltrent jusque dans le cerveau humain.<\/p>\n<p>Invit\u00e9e ce lundi sur France Inter, Marine Tondelier a mis en lumi\u00e8re les difficult\u00e9s rencontr\u00e9es par l&#8217;\u00e9cologie pour exister dans le d\u00e9bat politique. Elle explique ce ph\u00e9nom\u00e8ne par ce qu&#8217;elle nomme &#8220;le syndrome de l&#8217;autruche&#8221; : l&#8217;incapacit\u00e9 du cerveau humain \u00e0 appr\u00e9hender l&#8217;ampleur du changement climatique.<\/p>\n<p>&#8220;Les scientifiques expliquent que notre cerveau peine \u00e0 concevoir une menace aussi vaste et imm\u00e9diate, nous donnant un sentiment d&#8217;impuissance. Que nous cessions de conduire, de consommer ou m\u00eame de respirer, la plan\u00e8te resterait en p\u00e9ril. Cela g\u00e9n\u00e8re de l&#8217;\u00e9co-anxi\u00e9t\u00e9, du d\u00e9ni ou encore de la culpabilit\u00e9, mais l&#8217;inaction n&#8217;est pas une option&#8221;, pr\u00e9vient-elle.<\/p>\n<p>Un climat hostile aux \u00e9cologistes<\/p>\n<p>Selon Marine Tondelier, la marginalisation de l&#8217;\u00e9cologie dans le d\u00e9bat public tient aussi \u00e0 une offensive politique men\u00e9e par l&#8217;extr\u00eame droite, qui cherche \u00e0 la discr\u00e9diter.<\/p>\n<p>&#8220;Si Trump et d&#8217;autres figures populistes en Europe s&#8217;acharnent contre l&#8217;\u00e9cologie, c&#8217;est parce qu&#8217;ils per\u00e7oivent en elle un mod\u00e8le diam\u00e9tralement oppos\u00e9 au leur. L&#8217;\u00e9cologie d\u00e9range car elle promeut un projet de soci\u00e9t\u00e9 qui remet en cause leurs dogmes&#8221;, affirme-t-elle.<\/p>\n","protected":false},"excerpt":{"rendered":"<p>La secr\u00e9taire nationale des Ecologistes, Marine Tondelier, d\u00e9plore l&#8217;\u00e9viction progressive des questions environnementales du d\u00e9bat politique, invoquant un &#8220;syndrome de l&#8217;autruche&#8221;. L&#8217;essentiel Marine Tondelier d\u00e9nonce le recul de l&#8217;\u00e9cologie dans les discussions publiques, une situation qu&#8217;elle attribue \u00e0 une forme de d\u00e9ni collectif face aux enjeux climatiques. Elle accuse l&#8217;extr\u00eame droite de stigmatiser les militants [&hellip;]<\/p>\n","protected":false},"author":1,"featured_media":356,"comment_status":"closed","ping_status":"open","sticky":false,"template":"","format":"standard","meta":{"_jetpack_memberships_contains_paid_content":false,"footnotes":""},"categories":[26,25],"tags":[],"class_list":["post-754","post","type-post","status-publish","format-standard","has-post-thumbnail","hentry","category-elections","category-la-une"],"jetpack_featured_media_url":"https:\/\/info-politique.fr\/wp-content\/uploads\/2023\/08\/Capture-decran-2023-08-11-a-14.02.32.png","jetpack_sharing_enabled":true,"_links":{"self":[{"href":"https:\/\/info-politique.fr\/index.php\/wp-json\/wp\/v2\/posts\/754","targetHints":{"allow":["GET"]}}],"collection":[{"href":"https:\/\/info-politique.fr\/index.php\/wp-json\/wp\/v2\/posts"}],"about":[{"href":"https:\/\/info-politique.fr\/index.php\/wp-json\/wp\/v2\/types\/post"}],"author":[{"embeddable":true,"href":"https:\/\/info-politique.fr\/index.php\/wp-json\/wp\/v2\/users\/1"}],"replies":[{"embeddable":true,"href":"https:\/\/info-politique.fr\/index.php\/wp-json\/wp\/v2\/comments?post=754"}],"version-history":[{"count":1,"href":"https:\/\/info-politique.fr\/index.php\/wp-json\/wp\/v2\/posts\/754\/revisions"}],"predecessor-version":[{"id":755,"href":"https:\/\/info-politique.fr\/index.php\/wp-json\/wp\/v2\/posts\/754\/revisions\/755"}],"wp:featuredmedia":[{"embeddable":true,"href":"https:\/\/info-politique.fr\/index.php\/wp-json\/wp\/v2\/media\/356"}],"wp:attachment":[{"href":"https:\/\/info-politique.fr\/index.php\/wp-json\/wp\/v2\/media?parent=754"}],"wp:term":[{"taxonomy":"category","embeddable":true,"href":"https:\/\/info-politique.fr\/index.php\/wp-json\/wp\/v2\/categories?post=754"},{"taxonomy":"post_tag","embeddable":true,"href":"https:\/\/info-politique.fr\/index.php\/wp-json\/wp\/v2\/tags?post=754"}],"curies":[{"name":"wp","href":"https:\/\/api.w.org\/{rel}","templated":true}]}}