{"id":757,"date":"2025-02-27T13:04:51","date_gmt":"2025-02-27T12:04:51","guid":{"rendered":"https:\/\/info-politique.fr\/?p=757"},"modified":"2025-03-04T15:36:57","modified_gmt":"2025-03-04T14:36:57","slug":"lenquete-visant-julien-bayou-pour-harcelement-finalement-classe-sans-suite","status":"publish","type":"post","link":"https:\/\/info-politique.fr\/index.php\/2025\/02\/27\/lenquete-visant-julien-bayou-pour-harcelement-finalement-classe-sans-suite\/","title":{"rendered":"L&#8217;enqu\u00eate visant Julien Bayou pour harc\u00e8lement finalement class\u00e9 sans suite"},"content":{"rendered":"<p data-pm-slice=\"1 1 []\"><strong>Affaire Bayou : un non-lieu qui ne fait pas taire les d\u00e9bats<\/strong><\/p>\n<p>Apr\u00e8s deux ans d\u2019investigations, l\u2019enqu\u00eate judiciaire visant Julien Bayou s\u2019est conclue par un classement sans suite, faute d\u2019\u00e9l\u00e9ments incriminants. L\u2019ancien dirigeant d\u2019Europe \u00c9cologie-Les Verts (EELV), accus\u00e9 par son ex-compagne Ana\u00efs Leleux de harc\u00e8lement moral et d\u2019abus de faiblesse, voit ainsi la proc\u00e9dure judiciaire prendre fin, une d\u00e9cision qui ne manque pas de susciter des r\u00e9actions contrast\u00e9es.<\/p>\n<p><strong>Une enqu\u00eate sans issue judiciaire<\/strong><\/p>\n<p>C\u2019est le 30 janvier que le parquet de Paris a officialis\u00e9 la cl\u00f4ture de cette enqu\u00eate, invoquant une \u00ab absence d\u2019infraction \u00bb. Cette issue marque une \u00e9tape d\u00e9cisive pour Julien Bayou, qui s\u2019\u00e9tait retrouv\u00e9 au c\u0153ur d\u2019une controverse m\u00e9diatique et politique d\u2019ampleur. \u00ab C\u2019est la fin d\u2019une \u00e9preuve injuste \u00bb, a-t-il r\u00e9agi, d\u00e9non\u00e7ant un processus qu\u2019il juge avoir \u00e9t\u00e9 \u00e0 charge d\u00e8s son origine. Son avocate, Me Marie Dos\u00e9, fustige quant \u00e0 elle un traitement partial de l\u2019affaire, estimant que son client a \u00e9t\u00e9 pr\u00e9sent\u00e9 d\u2019embl\u00e9e comme coupable.<\/p>\n<p><strong>Des divisions au sein d\u2019EELV<\/strong><\/p>\n<p>Les accusations port\u00e9es par Ana\u00efs Leleux, militante \u00e9cologiste, avaient entra\u00een\u00e9 une onde de choc au sein d\u2019EELV, o\u00f9 une enqu\u00eate interne avait \u00e9t\u00e9 diligent\u00e9e. Cette initiative, men\u00e9e par un cabinet ind\u00e9pendant, n\u2019avait pas permis d\u2019\u00e9tablir de faits incriminants \u00e0 l\u2019encontre de Julien Bayou. Malgr\u00e9 cela, la pression interne et m\u00e9diatique avait conduit ce dernier \u00e0 quitter son poste au sein du parti, illustrant les tensions autour des questions de violences sexistes et de leur prise en charge politique.<\/p>\n<p><strong>Une affaire relanc\u00e9e ?<\/strong><\/p>\n<p>Ana\u00efs Leleux, de son c\u00f4t\u00e9, exprime son d\u00e9saccord face \u00e0 la conclusion de l\u2019enqu\u00eate. Elle d\u00e9plore notamment que plusieurs t\u00e9moignages n\u2019aient pas \u00e9t\u00e9 pris en compte par la justice. \u00ab Cette proc\u00e9dure s\u2019ach\u00e8ve, mais la v\u00e9rit\u00e9 n\u2019a pas \u00e9t\u00e9 enti\u00e8rement entendue \u00bb, affirme-t-elle, \u00e9voquant un sentiment d\u2019injustice. Elle envisage d\u00e9sormais de d\u00e9poser une nouvelle plainte avec constitution de partie civile, une d\u00e9marche qui pourrait relancer l\u2019affaire sous un nouvel angle.<\/p>\n<p>Au-del\u00e0 du cas personnel de Julien Bayou, cette affaire met en lumi\u00e8re les d\u00e9fis pos\u00e9s par le traitement des accusations de violences psychologiques dans les sph\u00e8res politiques. Elle interroge sur l\u2019\u00e9quilibre entre la pr\u00e9somption d\u2019innocence et la n\u00e9cessit\u00e9 de garantir un espace d\u2019\u00e9coute aux victimes pr\u00e9sum\u00e9es. Un d\u00e9bat qui, manifestement, est loin d\u2019\u00eatre clos.<\/p>\n","protected":false},"excerpt":{"rendered":"<p>Affaire Bayou : un non-lieu qui ne fait pas taire les d\u00e9bats Apr\u00e8s deux ans d\u2019investigations, l\u2019enqu\u00eate judiciaire visant Julien Bayou s\u2019est conclue par un classement sans suite, faute d\u2019\u00e9l\u00e9ments incriminants. L\u2019ancien dirigeant d\u2019Europe \u00c9cologie-Les Verts (EELV), accus\u00e9 par son ex-compagne Ana\u00efs Leleux de harc\u00e8lement moral et d\u2019abus de faiblesse, voit ainsi la proc\u00e9dure judiciaire [&hellip;]<\/p>\n","protected":false},"author":1,"featured_media":758,"comment_status":"closed","ping_status":"open","sticky":false,"template":"","format":"standard","meta":{"_jetpack_memberships_contains_paid_content":false,"footnotes":""},"categories":[21,25],"tags":[],"class_list":["post-757","post","type-post","status-publish","format-standard","has-post-thumbnail","hentry","category-actualites","category-la-une"],"jetpack_featured_media_url":"https:\/\/info-politique.fr\/wp-content\/uploads\/2025\/02\/Capture-decran-2025-02-27-a-13.01.53.png","jetpack_sharing_enabled":true,"_links":{"self":[{"href":"https:\/\/info-politique.fr\/index.php\/wp-json\/wp\/v2\/posts\/757","targetHints":{"allow":["GET"]}}],"collection":[{"href":"https:\/\/info-politique.fr\/index.php\/wp-json\/wp\/v2\/posts"}],"about":[{"href":"https:\/\/info-politique.fr\/index.php\/wp-json\/wp\/v2\/types\/post"}],"author":[{"embeddable":true,"href":"https:\/\/info-politique.fr\/index.php\/wp-json\/wp\/v2\/users\/1"}],"replies":[{"embeddable":true,"href":"https:\/\/info-politique.fr\/index.php\/wp-json\/wp\/v2\/comments?post=757"}],"version-history":[{"count":1,"href":"https:\/\/info-politique.fr\/index.php\/wp-json\/wp\/v2\/posts\/757\/revisions"}],"predecessor-version":[{"id":759,"href":"https:\/\/info-politique.fr\/index.php\/wp-json\/wp\/v2\/posts\/757\/revisions\/759"}],"wp:featuredmedia":[{"embeddable":true,"href":"https:\/\/info-politique.fr\/index.php\/wp-json\/wp\/v2\/media\/758"}],"wp:attachment":[{"href":"https:\/\/info-politique.fr\/index.php\/wp-json\/wp\/v2\/media?parent=757"}],"wp:term":[{"taxonomy":"category","embeddable":true,"href":"https:\/\/info-politique.fr\/index.php\/wp-json\/wp\/v2\/categories?post=757"},{"taxonomy":"post_tag","embeddable":true,"href":"https:\/\/info-politique.fr\/index.php\/wp-json\/wp\/v2\/tags?post=757"}],"curies":[{"name":"wp","href":"https:\/\/api.w.org\/{rel}","templated":true}]}}