{"id":779,"date":"2025-03-27T14:32:31","date_gmt":"2025-03-27T13:32:31","guid":{"rendered":"https:\/\/info-politique.fr\/?p=779"},"modified":"2025-03-27T14:32:31","modified_gmt":"2025-03-27T13:32:31","slug":"electricite-immigration-le-rn-estime-avoir-de-nombreuses-raisons-pour-censurer-bayrou","status":"publish","type":"post","link":"https:\/\/info-politique.fr\/index.php\/2025\/03\/27\/electricite-immigration-le-rn-estime-avoir-de-nombreuses-raisons-pour-censurer-bayrou\/","title":{"rendered":"Electricit\u00e9, immigration\u2026 Le RN estime avoir de nombreuses raisons pour censurer Bayrou"},"content":{"rendered":"<p data-pm-slice=\"1 1 []\"><strong>Le Rassemblement National agite la menace d\u2019une censure contre le gouvernement Bayrou<\/strong><\/p>\n<p>La tension monte \u00e0 l&#8217;Assembl\u00e9e nationale alors que le Rassemblement National (RN) multiplie les avertissements \u00e0 l&#8217;encontre du Premier ministre. Jean-Philippe Tanguy, figure influente du groupe dirig\u00e9 par Marine Le Pen, a rappel\u00e9 dimanche que plusieurs motifs justifieraient une motion de censure \u00e0 l&#8217;encontre du gouvernement.<\/p>\n<p>Parmi les griefs avanc\u00e9s figurent la gestion de la politique \u00e9nerg\u00e9tique et la question de l\u2019immigration, deux th\u00e8mes que le RN entend placer au c\u0153ur du d\u00e9bat parlementaire. En revanche, la r\u00e9forme des retraites ne semble pas constituer un motif de censure imm\u00e9diat, le parti pr\u00e9f\u00e9rant en faire un enjeu \u00e9lectoral \u00e0 plus long terme.<\/p>\n<p><strong>Fran\u00e7ois Bayrou point\u00e9 du doigt<\/strong><\/p>\n<p>Jean-Philippe Tanguy a accus\u00e9 le chef du gouvernement d&#8217;avoir commis une &#8220;faute&#8221; en menant des discussions avec les partenaires sociaux sur les retraites tout en excluant tout retour \u00e0 l\u2019\u00e2ge de d\u00e9part \u00e0 62 ans. Selon lui, si certaines avanc\u00e9es peuvent \u00eatre obtenues sur la prise en compte de la p\u00e9nibilit\u00e9 ou des carri\u00e8res hach\u00e9es, il serait illusoire de croire \u00e0 une r\u00e9forme d\u2019envergure avant une \u00e9ventuelle alternance politique. &#8220;La retraite \u00e0 62 ans redeviendra une r\u00e9alit\u00e9 avec Marine Le Pen \u00e0 l\u2019Elys\u00e9e et Jordan Bardella \u00e0 Matignon&#8221;, a-t-il affirm\u00e9.<\/p>\n<p><strong>Un bras de fer sur l&#8217;\u00e9nergie<\/strong><\/p>\n<p>Outre l\u2019immigration, le RN met en avant la Programmation Pluriannuelle de l\u2019\u00c9nergie (PPE) pour justifier une possible motion de censure. Ce texte, qui fixe les orientations en mati\u00e8re de production et de consommation d\u2019\u00e9nergie sur la p\u00e9riode 2025-2035, pr\u00e9voit une r\u00e9duction significative de la part des \u00e9nergies fossiles et une augmentation progressive de l\u2019\u00e9lectricit\u00e9 dans le mix \u00e9nerg\u00e9tique. Le RN d\u00e9nonce un manque de prise en compte du nucl\u00e9aire et un co\u00fbt jug\u00e9 excessif des \u00e9nergies renouvelables, notamment l&#8217;\u00e9olien.<\/p>\n<p>Marine Le Pen a appel\u00e9 le Premier ministre \u00e0 soumettre cette programmation \u00e0 un vote parlementaire afin de permettre une discussion et une remise en question \u00e9ventuelle des objectifs fix\u00e9s. &#8220;Le gouvernement doit assumer ses choix devant les d\u00e9put\u00e9s&#8221;, a-t-elle d\u00e9clar\u00e9 lors d\u2019une visite \u00e0 l\u2019EPR de Flamanville.<\/p>\n<p>Si la motion de censure n&#8217;est pas encore act\u00e9e, Jean-Philippe Tanguy a laiss\u00e9 entendre que cette option reste sur la table. Le RN continue par ailleurs de plaider pour une dissolution de l\u2019Assembl\u00e9e nationale afin de provoquer de nouvelles \u00e9lections. Le climat politique s\u2019annonce donc encore mouvement\u00e9 dans les semaines \u00e0 venir.<\/p>\n","protected":false},"excerpt":{"rendered":"<p>Le Rassemblement National agite la menace d\u2019une censure contre le gouvernement Bayrou La tension monte \u00e0 l&#8217;Assembl\u00e9e nationale alors que le Rassemblement National (RN) multiplie les avertissements \u00e0 l&#8217;encontre du Premier ministre. Jean-Philippe Tanguy, figure influente du groupe dirig\u00e9 par Marine Le Pen, a rappel\u00e9 dimanche que plusieurs motifs justifieraient une motion de censure \u00e0 [&hellip;]<\/p>\n","protected":false},"author":1,"featured_media":456,"comment_status":"closed","ping_status":"open","sticky":false,"template":"","format":"standard","meta":{"_jetpack_memberships_contains_paid_content":false,"footnotes":""},"categories":[25],"tags":[],"class_list":["post-779","post","type-post","status-publish","format-standard","has-post-thumbnail","hentry","category-la-une"],"jetpack_featured_media_url":"https:\/\/info-politique.fr\/wp-content\/uploads\/2024\/01\/Capture-decran-2024-01-03-a-10.00.05.png","jetpack_sharing_enabled":true,"_links":{"self":[{"href":"https:\/\/info-politique.fr\/index.php\/wp-json\/wp\/v2\/posts\/779","targetHints":{"allow":["GET"]}}],"collection":[{"href":"https:\/\/info-politique.fr\/index.php\/wp-json\/wp\/v2\/posts"}],"about":[{"href":"https:\/\/info-politique.fr\/index.php\/wp-json\/wp\/v2\/types\/post"}],"author":[{"embeddable":true,"href":"https:\/\/info-politique.fr\/index.php\/wp-json\/wp\/v2\/users\/1"}],"replies":[{"embeddable":true,"href":"https:\/\/info-politique.fr\/index.php\/wp-json\/wp\/v2\/comments?post=779"}],"version-history":[{"count":1,"href":"https:\/\/info-politique.fr\/index.php\/wp-json\/wp\/v2\/posts\/779\/revisions"}],"predecessor-version":[{"id":780,"href":"https:\/\/info-politique.fr\/index.php\/wp-json\/wp\/v2\/posts\/779\/revisions\/780"}],"wp:featuredmedia":[{"embeddable":true,"href":"https:\/\/info-politique.fr\/index.php\/wp-json\/wp\/v2\/media\/456"}],"wp:attachment":[{"href":"https:\/\/info-politique.fr\/index.php\/wp-json\/wp\/v2\/media?parent=779"}],"wp:term":[{"taxonomy":"category","embeddable":true,"href":"https:\/\/info-politique.fr\/index.php\/wp-json\/wp\/v2\/categories?post=779"},{"taxonomy":"post_tag","embeddable":true,"href":"https:\/\/info-politique.fr\/index.php\/wp-json\/wp\/v2\/tags?post=779"}],"curies":[{"name":"wp","href":"https:\/\/api.w.org\/{rel}","templated":true}]}}