{"id":784,"date":"2025-04-01T15:46:38","date_gmt":"2025-04-01T13:46:38","guid":{"rendered":"https:\/\/info-politique.fr\/?p=784"},"modified":"2025-09-01T15:35:58","modified_gmt":"2025-09-01T13:35:58","slug":"condamnee-et-ineligible-marine-le-pen-a-t-elle-des-recours","status":"publish","type":"post","link":"https:\/\/info-politique.fr\/index.php\/2025\/04\/01\/condamnee-et-ineligible-marine-le-pen-a-t-elle-des-recours\/","title":{"rendered":"Condamn\u00e9e et in\u00e9ligible, Marine Le Pen a-t-elle des recours ?"},"content":{"rendered":"<p class=\"\" data-start=\"147\" data-end=\"577\">Marine Le Pen fait face \u00e0 une lourde sanction judiciaire. Condamn\u00e9e ce lundi \u00e0 quatre ans de prison, dont deux avec sursis, ainsi qu&#8217;\u00e0 cinq ans d\u2019in\u00e9ligibilit\u00e9 avec ex\u00e9cution provisoire, la figure du Rassemblement National voit son avenir politique s\u00e9rieusement compromis. Cette peine, prononc\u00e9e dans le cadre de l\u2019affaire des assistants parlementaires europ\u00e9ens, r\u00e9duit consid\u00e9rablement ses chances de briguer l\u2019\u00c9lys\u00e9e en 2027.<\/p>\n<p class=\"\" data-start=\"579\" data-end=\"976\">Si elle conserve son si\u00e8ge de d\u00e9put\u00e9e du Pas-de-Calais, l\u2019ancienne candidate \u00e0 la pr\u00e9sidentielle est d\u00e9sormais exclue de toute comp\u00e9tition \u00e9lectorale. Le tribunal a jug\u00e9 que le d\u00e9tournement de fonds publics reproch\u00e9 \u00e0 Marine Le Pen relevait d\u2019un \u00ab syst\u00e8me organis\u00e9 \u00bb, motivant ainsi la s\u00e9v\u00e9rit\u00e9 de la sanction. Mais quelles sont les options qui s\u2019offrent \u00e0 elle pour tenter d\u2019inverser la donne ?<\/p>\n<h3 class=\"\" data-start=\"978\" data-end=\"1040\"><strong data-start=\"982\" data-end=\"1038\">L\u2019appel : une chance de voir la condamnation all\u00e9g\u00e9e<\/strong><\/h3>\n<p class=\"\" data-start=\"1042\" data-end=\"1429\">Sans surprise, Marine Le Pen a annonc\u00e9 son intention de faire appel de cette d\u00e9cision. Si cette d\u00e9marche suspend l\u2019ex\u00e9cution de la peine de prison et de l\u2019amende, elle n\u2019a cependant aucun effet sur la peine d\u2019in\u00e9ligibilit\u00e9. Cette derni\u00e8re s\u2019applique imm\u00e9diatement, ce qui signifie qu\u2019elle reste priv\u00e9e de tout mandat \u00e9lectoral, y compris en cas de dissolution de l\u2019Assembl\u00e9e nationale.<\/p>\n<p class=\"\" data-start=\"1431\" data-end=\"1800\">L\u2019enjeu de l\u2019appel est donc crucial : si la cour d\u2019appel d\u00e9cide d\u2019all\u00e9ger ou d\u2019annuler la condamnation, notamment en supprimant l\u2019in\u00e9ligibilit\u00e9, la porte de l\u2019\u00e9lection pr\u00e9sidentielle pourrait \u00e0 nouveau s\u2019ouvrir pour elle. Reste \u00e0 savoir si l\u2019audience sera programm\u00e9e \u00e0 temps et si les juges adopteront une lecture diff\u00e9rente de celle du tribunal de premi\u00e8re instance.<\/p>\n<h3 class=\"\" data-start=\"1802\" data-end=\"1869\"><strong data-start=\"1806\" data-end=\"1867\">Un recours aupr\u00e8s du premier pr\u00e9sident de la cour d\u2019appel<\/strong><\/h3>\n<p class=\"\" data-start=\"1871\" data-end=\"2313\">En vertu de l\u2019article 514-3 du Code de proc\u00e9dure civile, Marine Le Pen peut \u00e9galement saisir le premier pr\u00e9sident de la cour d\u2019appel afin de demander la suspension de l\u2019ex\u00e9cution provisoire de son in\u00e9ligibilit\u00e9. Ce type de recours n\u2019aboutit que sous des conditions strictes : la candidate doit d\u00e9montrer qu\u2019il existe un motif s\u00e9rieux d\u2019annulation et que l\u2019application imm\u00e9diate de la peine lui cause un pr\u00e9judice \u00ab manifestement excessif \u00bb.<\/p>\n<p class=\"\" data-start=\"2315\" data-end=\"2527\">Le caract\u00e8re in\u00e9dit et politique du dossier pourrait peser dans la balance, mais rien ne garantit que cette tentative aboutisse, la justice ayant d\u00e9j\u00e0 estim\u00e9 n\u00e9cessaire d\u2019\u00e9carter Marine Le Pen du jeu \u00e9lectoral.<\/p>\n<h3 class=\"\" data-start=\"2529\" data-end=\"2592\"><strong data-start=\"2533\" data-end=\"2590\">La gr\u00e2ce pr\u00e9sidentielle : un sc\u00e9nario tr\u00e8s improbable<\/strong><\/h3>\n<p class=\"\" data-start=\"2594\" data-end=\"2938\">Bien que le pr\u00e9sident de la R\u00e9publique dispose d\u2019un droit de gr\u00e2ce, il semble hautement improbable qu\u2019Emmanuel Macron ou son successeur l\u2019exerce en faveur de Marine Le Pen. Une telle d\u00e9cision serait imm\u00e9diatement per\u00e7ue comme une ing\u00e9rence politique dans le fonctionnement de la justice et risquerait de d\u00e9clencher une crise institutionnelle.<\/p>\n<h3 class=\"\" data-start=\"2940\" data-end=\"3001\"><strong data-start=\"2944\" data-end=\"2999\">Un avenir politique en suspens, mais pas impossible<\/strong><\/h3>\n<p class=\"\" data-start=\"3003\" data-end=\"3345\">Si cette condamnation complique fortement ses ambitions pr\u00e9sidentielles, Marine Le Pen pourrait toujours jouer un r\u00f4le majeur dans le paysage politique, notamment en se positionnant comme Premier ministre en cas de victoire de son parti en 2027. Cette fonction, \u00e9tant une nomination et non une \u00e9lection, n\u2019est pas soumise \u00e0 l\u2019in\u00e9ligibilit\u00e9.<\/p>\n<p class=\"\" data-start=\"3347\" data-end=\"3550\">Pour l\u2019heure, l\u2019onde de choc provoqu\u00e9e par cette d\u00e9cision judiciaire met le Rassemblement National face \u00e0 un d\u00e9fi in\u00e9dit : trouver une nouvelle figure de proue capable de maintenir la dynamique du parti.<\/p>\n","protected":false},"excerpt":{"rendered":"<p>Marine Le Pen fait face \u00e0 une lourde sanction judiciaire. Condamn\u00e9e ce lundi \u00e0 quatre ans de prison, dont deux avec sursis, ainsi qu&#8217;\u00e0 cinq ans d\u2019in\u00e9ligibilit\u00e9 avec ex\u00e9cution provisoire, la figure du Rassemblement National voit son avenir politique s\u00e9rieusement compromis. Cette peine, prononc\u00e9e dans le cadre de l\u2019affaire des assistants parlementaires europ\u00e9ens, r\u00e9duit consid\u00e9rablement [&hellip;]<\/p>\n","protected":false},"author":1,"featured_media":456,"comment_status":"closed","ping_status":"open","sticky":false,"template":"","format":"standard","meta":{"_jetpack_memberships_contains_paid_content":false,"footnotes":""},"categories":[21,25],"tags":[],"class_list":["post-784","post","type-post","status-publish","format-standard","has-post-thumbnail","hentry","category-actualites","category-la-une"],"jetpack_featured_media_url":"https:\/\/info-politique.fr\/wp-content\/uploads\/2024\/01\/Capture-decran-2024-01-03-a-10.00.05.png","jetpack_sharing_enabled":true,"_links":{"self":[{"href":"https:\/\/info-politique.fr\/index.php\/wp-json\/wp\/v2\/posts\/784","targetHints":{"allow":["GET"]}}],"collection":[{"href":"https:\/\/info-politique.fr\/index.php\/wp-json\/wp\/v2\/posts"}],"about":[{"href":"https:\/\/info-politique.fr\/index.php\/wp-json\/wp\/v2\/types\/post"}],"author":[{"embeddable":true,"href":"https:\/\/info-politique.fr\/index.php\/wp-json\/wp\/v2\/users\/1"}],"replies":[{"embeddable":true,"href":"https:\/\/info-politique.fr\/index.php\/wp-json\/wp\/v2\/comments?post=784"}],"version-history":[{"count":1,"href":"https:\/\/info-politique.fr\/index.php\/wp-json\/wp\/v2\/posts\/784\/revisions"}],"predecessor-version":[{"id":785,"href":"https:\/\/info-politique.fr\/index.php\/wp-json\/wp\/v2\/posts\/784\/revisions\/785"}],"wp:featuredmedia":[{"embeddable":true,"href":"https:\/\/info-politique.fr\/index.php\/wp-json\/wp\/v2\/media\/456"}],"wp:attachment":[{"href":"https:\/\/info-politique.fr\/index.php\/wp-json\/wp\/v2\/media?parent=784"}],"wp:term":[{"taxonomy":"category","embeddable":true,"href":"https:\/\/info-politique.fr\/index.php\/wp-json\/wp\/v2\/categories?post=784"},{"taxonomy":"post_tag","embeddable":true,"href":"https:\/\/info-politique.fr\/index.php\/wp-json\/wp\/v2\/tags?post=784"}],"curies":[{"name":"wp","href":"https:\/\/api.w.org\/{rel}","templated":true}]}}