{"id":786,"date":"2025-04-01T15:51:22","date_gmt":"2025-04-01T13:51:22","guid":{"rendered":"https:\/\/info-politique.fr\/?p=786"},"modified":"2025-04-01T15:51:22","modified_gmt":"2025-04-01T13:51:22","slug":"laurent-wauquiez-est-sur-de-gagner-la-presidence-des-republicains","status":"publish","type":"post","link":"https:\/\/info-politique.fr\/index.php\/2025\/04\/01\/laurent-wauquiez-est-sur-de-gagner-la-presidence-des-republicains\/","title":{"rendered":"Laurent Wauquiez est \u00ab s\u00fbr de gagner \u00bb la pr\u00e9sidence des R\u00e9publicains"},"content":{"rendered":"<p class=\"\" data-start=\"86\" data-end=\"593\">\u00c0 un mois et demi du congr\u00e8s des R\u00e9publicains, qui d\u00e9signera le futur pr\u00e9sident du parti, Laurent Wauquiez affiche un optimisme \u00e0 toute \u00e9preuve. Samedi, lors d\u2019un meeting au Puy-en-Velay, son bastion historique, il a r\u00e9affirm\u00e9 sa certitude de l\u2019emporter, malgr\u00e9 les sondages qui le donnent en retrait face \u00e0 Bruno Retailleau. Devant un parterre de 500 sympathisants, entour\u00e9 de sa famille, il a insist\u00e9 sur son ancrage local et la dynamique qu\u2019il sent monter en sa faveur.<\/p>\n<p class=\"\" data-start=\"595\" data-end=\"1058\"><strong data-start=\"595\" data-end=\"629\">Une progression sur le terrain<\/strong><br data-start=\"629\" data-end=\"632\" \/>Malgr\u00e9 le soutien des principales figures du parti \u00e0 son adversaire, Laurent Wauquiez met en avant une progression significative du nombre d\u2019adh\u00e9rents dans son d\u00e9partement. \u00ab En un mois et demi, nous sommes pass\u00e9s de 200 \u00e0 1.400 membres \u00bb, s\u2019est-il f\u00e9licit\u00e9, esp\u00e9rant atteindre les 2.000 d\u2019ici peu. Cette base militante, essentielle pour l\u2019\u00e9lection interne, pourrait jouer un r\u00f4le d\u00e9cisif dans la comp\u00e9tition qui se profile.<\/p>\n<p class=\"\" data-start=\"1060\" data-end=\"1538\"><strong data-start=\"1060\" data-end=\"1084\">Un candidat combatif<\/strong><br data-start=\"1084\" data-end=\"1087\" \/>Face aux critiques qui lui pr\u00eatent une tendance \u00e0 \u00e9viter les confrontations difficiles, le d\u00e9put\u00e9 de Haute-Loire r\u00e9torque en se pr\u00e9sentant comme un combattant : \u00ab Je suis persuad\u00e9 que je vais gagner. Je ne suis pas venu ici pour me rassurer, mais parce que je sens que la tendance s\u2019inverse. \u00bb Il n\u2019h\u00e9site pas \u00e0 comparer la situation actuelle \u00e0 celle de 1995, o\u00f9 Jacques Chirac avait su renverser les pronostics d\u00e9favorables contre \u00c9douard Balladur.<\/p>\n<p class=\"\" data-start=\"1540\" data-end=\"1884\"><strong data-start=\"1540\" data-end=\"1592\">Une campagne de terrain face \u00e0 un rival accapar\u00e9<\/strong><br data-start=\"1592\" data-end=\"1595\" \/>Selon lui, son adversaire Bruno Retailleau, en charge du minist\u00e8re de l\u2019Int\u00e9rieur, ne pourra pas consacrer le temps n\u00e9cessaire \u00e0 la direction du parti. \u00ab Nos militants veulent quelqu\u2019un qui s\u2019occupe r\u00e9ellement du mouvement, pas un ministre d\u00e9j\u00e0 absorb\u00e9 par ses fonctions \u00bb, insiste-t-il.<\/p>\n<p class=\"\" data-start=\"1886\" data-end=\"2089\">S\u2019il conc\u00e8de que cette campagne l\u2019a pouss\u00e9 \u00e0 se d\u00e9voiler davantage, il y voit une opportunit\u00e9 : \u00ab Cela me permet de montrer une autre facette de ma personnalit\u00e9, de sortir des discours trop format\u00e9s. \u00bb<\/p>\n<p class=\"\" data-start=\"2091\" data-end=\"2317\">D\u2019ici le 17 avril, date limite pour prendre sa carte et voter au congr\u00e8s, Laurent Wauquiez entend poursuivre sa campagne intensive, avec un rythme de sept meetings par semaine, convaincu que la victoire est encore \u00e0 sa port\u00e9e.<\/p>\n","protected":false},"excerpt":{"rendered":"<p>\u00c0 un mois et demi du congr\u00e8s des R\u00e9publicains, qui d\u00e9signera le futur pr\u00e9sident du parti, Laurent Wauquiez affiche un optimisme \u00e0 toute \u00e9preuve. Samedi, lors d\u2019un meeting au Puy-en-Velay, son bastion historique, il a r\u00e9affirm\u00e9 sa certitude de l\u2019emporter, malgr\u00e9 les sondages qui le donnent en retrait face \u00e0 Bruno Retailleau. Devant un parterre [&hellip;]<\/p>\n","protected":false},"author":1,"featured_media":787,"comment_status":"closed","ping_status":"open","sticky":false,"template":"","format":"standard","meta":{"_jetpack_memberships_contains_paid_content":false,"footnotes":""},"categories":[25],"tags":[],"class_list":["post-786","post","type-post","status-publish","format-standard","has-post-thumbnail","hentry","category-la-une"],"jetpack_featured_media_url":"https:\/\/info-politique.fr\/wp-content\/uploads\/2025\/04\/Capture-decran-2025-04-01-a-15.50.04.png","jetpack_sharing_enabled":true,"_links":{"self":[{"href":"https:\/\/info-politique.fr\/index.php\/wp-json\/wp\/v2\/posts\/786","targetHints":{"allow":["GET"]}}],"collection":[{"href":"https:\/\/info-politique.fr\/index.php\/wp-json\/wp\/v2\/posts"}],"about":[{"href":"https:\/\/info-politique.fr\/index.php\/wp-json\/wp\/v2\/types\/post"}],"author":[{"embeddable":true,"href":"https:\/\/info-politique.fr\/index.php\/wp-json\/wp\/v2\/users\/1"}],"replies":[{"embeddable":true,"href":"https:\/\/info-politique.fr\/index.php\/wp-json\/wp\/v2\/comments?post=786"}],"version-history":[{"count":1,"href":"https:\/\/info-politique.fr\/index.php\/wp-json\/wp\/v2\/posts\/786\/revisions"}],"predecessor-version":[{"id":788,"href":"https:\/\/info-politique.fr\/index.php\/wp-json\/wp\/v2\/posts\/786\/revisions\/788"}],"wp:featuredmedia":[{"embeddable":true,"href":"https:\/\/info-politique.fr\/index.php\/wp-json\/wp\/v2\/media\/787"}],"wp:attachment":[{"href":"https:\/\/info-politique.fr\/index.php\/wp-json\/wp\/v2\/media?parent=786"}],"wp:term":[{"taxonomy":"category","embeddable":true,"href":"https:\/\/info-politique.fr\/index.php\/wp-json\/wp\/v2\/categories?post=786"},{"taxonomy":"post_tag","embeddable":true,"href":"https:\/\/info-politique.fr\/index.php\/wp-json\/wp\/v2\/tags?post=786"}],"curies":[{"name":"wp","href":"https:\/\/api.w.org\/{rel}","templated":true}]}}