{"id":839,"date":"2025-09-01T15:23:57","date_gmt":"2025-09-01T13:23:57","guid":{"rendered":"https:\/\/info-politique.fr\/?p=839"},"modified":"2025-09-01T15:23:57","modified_gmt":"2025-09-01T13:23:57","slug":"francois-bayrou-lessentiel-des-declarations-du-premier-ministre-dimanche-soir","status":"publish","type":"post","link":"https:\/\/info-politique.fr\/index.php\/2025\/09\/01\/francois-bayrou-lessentiel-des-declarations-du-premier-ministre-dimanche-soir\/","title":{"rendered":"Fran\u00e7ois Bayrou : L\u2019essentiel des d\u00e9clarations du Premier ministre dimanche soir"},"content":{"rendered":"<p data-start=\"213\" data-end=\"569\">\u00c0 une semaine du scrutin crucial \u00e0 l\u2019Assembl\u00e9e nationale, Fran\u00e7ois Bayrou a choisi d\u2019accorder une longue interview diffus\u00e9e simultan\u00e9ment sur les quatre grandes cha\u00eenes d\u2019information continue. L\u2019occasion pour le Premier ministre de d\u00e9fendre son projet budg\u00e9taire et de justifier sa d\u00e9cision d\u2019engager la responsabilit\u00e9 de son gouvernement le 8 septembre.<\/p>\n<h3 data-start=\"571\" data-end=\"592\">Un vote d\u00e9cisif<\/h3>\n<p data-start=\"593\" data-end=\"955\">D\u2019embl\u00e9e, Fran\u00e7ois Bayrou a tenu \u00e0 replacer l\u2019enjeu du d\u00e9bat : \u00ab Ce n\u2019est pas mon sort personnel qui se joue, c\u2019est celui de la France \u00bb, a-t-il martel\u00e9, insistant sur le caract\u00e8re d\u00e9terminant de ce rendez-vous parlementaire. Selon lui, une \u00e9ventuelle chute de son cabinet ouvrirait la voie \u00e0 une orientation politique qu\u2019il juge \u00ab dangereuse \u00bb et \u00ab laxiste \u00bb.<\/p>\n<h3 data-start=\"957\" data-end=\"994\">Les jours f\u00e9ri\u00e9s dans le viseur<\/h3>\n<p data-start=\"995\" data-end=\"1336\">Parmi les mesures les plus contest\u00e9es figure la suppression de deux jours f\u00e9ri\u00e9s d\u00e8s 2026. Un sujet explosif sur lequel le chef du gouvernement se dit toutefois pr\u00eat \u00e0 transiger : \u00ab On peut discuter, mais il faudra au moins un geste. \u00bb Bayrou a en parall\u00e8le esquiss\u00e9 d\u2019autres pistes, comme un passage aux 36 heures de travail hebdomadaire.<\/p>\n<h3 data-start=\"1338\" data-end=\"1369\">Boomers et dette publique<\/h3>\n<p data-start=\"1370\" data-end=\"1677\">Interrog\u00e9 sur la dette, le Premier ministre a sollicit\u00e9 la solidarit\u00e9 des g\u00e9n\u00e9rations plus \u00e2g\u00e9es. Loin de pointer du doigt les retrait\u00e9s, il les appelle \u00e0 \u00ab participer \u00e0 l\u2019effort collectif \u00bb, \u00e9voquant notamment une possible remise en cause de l\u2019abattement fiscal de 10 % dont ils b\u00e9n\u00e9ficient actuellement.<\/p>\n<h3 data-start=\"1679\" data-end=\"1719\">Attaque contre La France insoumise<\/h3>\n<p data-start=\"1720\" data-end=\"2052\">Face aux critiques de l\u2019opposition, Bayrou a particuli\u00e8rement vis\u00e9 Jean-Luc M\u00e9lenchon et ses soutiens, qu\u2019il accuse de \u00ab vouloir plonger le pays dans le d\u00e9sordre \u00bb. Pour lui, une nouvelle dissolution du Parlement, comme le r\u00e9clame le leader insoumis, ne ferait que reproduire l\u2019impasse actuelle en l\u2019absence de r\u00e9forme \u00e9lectorale.<\/p>\n<h3 data-start=\"2054\" data-end=\"2101\">Contre l\u2019antis\u00e9mitisme, l\u2019unit\u00e9 nationale<\/h3>\n<p data-start=\"2102\" data-end=\"2360\">Enfin, le Premier ministre a tenu \u00e0 rappeler sa d\u00e9termination face \u00e0 la recrudescence des actes antis\u00e9mites. Il appelle \u00e0 une mobilisation g\u00e9n\u00e9rale, au nom de \u00ab l\u2019unit\u00e9 du pays \u00bb, et promet un renforcement des moyens de s\u00e9curit\u00e9 pour prot\u00e9ger les citoyens.<\/p>\n","protected":false},"excerpt":{"rendered":"<p>\u00c0 une semaine du scrutin crucial \u00e0 l\u2019Assembl\u00e9e nationale, Fran\u00e7ois Bayrou a choisi d\u2019accorder une longue interview diffus\u00e9e simultan\u00e9ment sur les quatre grandes cha\u00eenes d\u2019information continue. L\u2019occasion pour le Premier ministre de d\u00e9fendre son projet budg\u00e9taire et de justifier sa d\u00e9cision d\u2019engager la responsabilit\u00e9 de son gouvernement le 8 septembre. Un vote d\u00e9cisif D\u2019embl\u00e9e, Fran\u00e7ois [&hellip;]<\/p>\n","protected":false},"author":1,"featured_media":797,"comment_status":"closed","ping_status":"open","sticky":false,"template":"","format":"standard","meta":{"_jetpack_memberships_contains_paid_content":false,"footnotes":""},"categories":[25],"tags":[],"class_list":["post-839","post","type-post","status-publish","format-standard","has-post-thumbnail","hentry","category-la-une"],"jetpack_featured_media_url":"https:\/\/info-politique.fr\/wp-content\/uploads\/2025\/04\/Capture-decran-2025-04-18-a-14.00.25.png","jetpack_sharing_enabled":true,"_links":{"self":[{"href":"https:\/\/info-politique.fr\/index.php\/wp-json\/wp\/v2\/posts\/839","targetHints":{"allow":["GET"]}}],"collection":[{"href":"https:\/\/info-politique.fr\/index.php\/wp-json\/wp\/v2\/posts"}],"about":[{"href":"https:\/\/info-politique.fr\/index.php\/wp-json\/wp\/v2\/types\/post"}],"author":[{"embeddable":true,"href":"https:\/\/info-politique.fr\/index.php\/wp-json\/wp\/v2\/users\/1"}],"replies":[{"embeddable":true,"href":"https:\/\/info-politique.fr\/index.php\/wp-json\/wp\/v2\/comments?post=839"}],"version-history":[{"count":1,"href":"https:\/\/info-politique.fr\/index.php\/wp-json\/wp\/v2\/posts\/839\/revisions"}],"predecessor-version":[{"id":840,"href":"https:\/\/info-politique.fr\/index.php\/wp-json\/wp\/v2\/posts\/839\/revisions\/840"}],"wp:featuredmedia":[{"embeddable":true,"href":"https:\/\/info-politique.fr\/index.php\/wp-json\/wp\/v2\/media\/797"}],"wp:attachment":[{"href":"https:\/\/info-politique.fr\/index.php\/wp-json\/wp\/v2\/media?parent=839"}],"wp:term":[{"taxonomy":"category","embeddable":true,"href":"https:\/\/info-politique.fr\/index.php\/wp-json\/wp\/v2\/categories?post=839"},{"taxonomy":"post_tag","embeddable":true,"href":"https:\/\/info-politique.fr\/index.php\/wp-json\/wp\/v2\/tags?post=839"}],"curies":[{"name":"wp","href":"https:\/\/api.w.org\/{rel}","templated":true}]}}