{"id":841,"date":"2025-09-01T15:29:55","date_gmt":"2025-09-01T13:29:55","guid":{"rendered":"https:\/\/info-politique.fr\/?p=841"},"modified":"2025-09-11T13:55:49","modified_gmt":"2025-09-11T11:55:49","slug":"lfi-ne-soutiendra-un-gouvernement-ps-que-sil-a-un-programme-de-rupture","status":"publish","type":"post","link":"https:\/\/info-politique.fr\/index.php\/2025\/09\/01\/lfi-ne-soutiendra-un-gouvernement-ps-que-sil-a-un-programme-de-rupture\/","title":{"rendered":"LFI ne soutiendra un gouvernement PS que s\u2019il a un \u00ab programme de rupture \u00bb"},"content":{"rendered":"<p data-start=\"203\" data-end=\"537\">\u00c0 une semaine du scrutin d\u00e9cisif \u00e0 l\u2019Assembl\u00e9e nationale, la France insoumise a fix\u00e9 ses conditions pour envisager un soutien \u00e0 un \u00e9ventuel gouvernement socialiste. Mathilde Panot, pr\u00e9sidente du groupe insoumis, a insist\u00e9 dimanche sur la n\u00e9cessit\u00e9 d\u2019un \u00ab v\u00e9ritable programme de rupture \u00bb avec la politique men\u00e9e par Emmanuel Macron.<\/p>\n<h3 data-start=\"539\" data-end=\"570\">Un avertissement \u00e0 gauche<\/h3>\n<p data-start=\"571\" data-end=\"929\">\u00ab Nous n\u2019avons pas vocation \u00e0 cautionner un simple rafistolage qui prolongerait le macronisme \u00bb, a d\u00e9clar\u00e9 la d\u00e9put\u00e9e sur France 2. Selon elle, les socialistes doivent s\u2019engager sur des mesures fortes, conformes \u00e0 l\u2019esprit du programme commun sign\u00e9 lors de la cr\u00e9ation du Nouveau Front populaire, et dont LFI estime que le PS s\u2019est progressivement \u00e9loign\u00e9.<\/p>\n<h3 data-start=\"931\" data-end=\"966\">Le PS en qu\u00eate de cr\u00e9dibilit\u00e9<\/h3>\n<p data-start=\"967\" data-end=\"1413\">De son c\u00f4t\u00e9, Olivier Faure, premier secr\u00e9taire du Parti socialiste, tente de convaincre qu\u2019une alternance de gauche est possible. Vendredi, il a appel\u00e9 le pr\u00e9sident de la R\u00e9publique \u00e0 choisir un Premier ministre issu de sa famille politique. Il a \u00e9galement promis un fonctionnement institutionnel plus respectueux du Parlement, en \u00e9cartant le recours au 49.3, tout en assumant qu\u2019un tel gouvernement ne compterait pas de ministres issus de LFI.<\/p>\n<h3 data-start=\"1415\" data-end=\"1452\">Un projet budg\u00e9taire alternatif<\/h3>\n<p data-start=\"1453\" data-end=\"1924\">Les socialistes ont aussi pr\u00e9sent\u00e9 leur propre trajectoire financi\u00e8re pour 2026. Objectif : r\u00e9duire le d\u00e9ficit de 21,7 milliards d\u2019euros, un effort bien inf\u00e9rieur aux 44 milliards r\u00e9clam\u00e9s par l\u2019actuel gouvernement. Le PS propose 14 milliards d\u2019\u00e9conomies, mais jure de ne pas toucher aux services publics ni aux revenus des salari\u00e9s. Le reste viendrait de pr\u00e8s de 27 milliards de recettes nouvelles, centr\u00e9es sur une fiscalit\u00e9 renforc\u00e9e des patrimoines les plus \u00e9lev\u00e9s.<\/p>\n<h3 data-start=\"1926\" data-end=\"1955\">Une unit\u00e9 introuvable ?<\/h3>\n<p data-start=\"1956\" data-end=\"2317\">La s\u00e9quence illustre les tensions persistantes au sein de la gauche. Si les socialistes se posent en recours possible \u00e0 Matignon, la France insoumise pr\u00e9vient qu\u2019elle ne donnera pas un blanc-seing. \u00c0 l\u2019approche du vote de confiance, l\u2019\u00e9quation reste enti\u00e8re : comment rassembler les forces d\u2019opposition sans renoncer aux lignes rouges id\u00e9ologiques de chacun ?<\/p>\n","protected":false},"excerpt":{"rendered":"<p>\u00c0 une semaine du scrutin d\u00e9cisif \u00e0 l\u2019Assembl\u00e9e nationale, la France insoumise a fix\u00e9 ses conditions pour envisager un soutien \u00e0 un \u00e9ventuel gouvernement socialiste. Mathilde Panot, pr\u00e9sidente du groupe insoumis, a insist\u00e9 dimanche sur la n\u00e9cessit\u00e9 d\u2019un \u00ab v\u00e9ritable programme de rupture \u00bb avec la politique men\u00e9e par Emmanuel Macron. Un avertissement \u00e0 gauche [&hellip;]<\/p>\n","protected":false},"author":1,"featured_media":842,"comment_status":"closed","ping_status":"open","sticky":false,"template":"","format":"standard","meta":{"_jetpack_memberships_contains_paid_content":false,"footnotes":""},"categories":[26],"tags":[],"class_list":["post-841","post","type-post","status-publish","format-standard","has-post-thumbnail","hentry","category-elections"],"jetpack_featured_media_url":"https:\/\/info-politique.fr\/wp-content\/uploads\/2025\/09\/Capture-decran-2025-09-01-a-15.29.33.png","jetpack_sharing_enabled":true,"_links":{"self":[{"href":"https:\/\/info-politique.fr\/index.php\/wp-json\/wp\/v2\/posts\/841","targetHints":{"allow":["GET"]}}],"collection":[{"href":"https:\/\/info-politique.fr\/index.php\/wp-json\/wp\/v2\/posts"}],"about":[{"href":"https:\/\/info-politique.fr\/index.php\/wp-json\/wp\/v2\/types\/post"}],"author":[{"embeddable":true,"href":"https:\/\/info-politique.fr\/index.php\/wp-json\/wp\/v2\/users\/1"}],"replies":[{"embeddable":true,"href":"https:\/\/info-politique.fr\/index.php\/wp-json\/wp\/v2\/comments?post=841"}],"version-history":[{"count":1,"href":"https:\/\/info-politique.fr\/index.php\/wp-json\/wp\/v2\/posts\/841\/revisions"}],"predecessor-version":[{"id":843,"href":"https:\/\/info-politique.fr\/index.php\/wp-json\/wp\/v2\/posts\/841\/revisions\/843"}],"wp:featuredmedia":[{"embeddable":true,"href":"https:\/\/info-politique.fr\/index.php\/wp-json\/wp\/v2\/media\/842"}],"wp:attachment":[{"href":"https:\/\/info-politique.fr\/index.php\/wp-json\/wp\/v2\/media?parent=841"}],"wp:term":[{"taxonomy":"category","embeddable":true,"href":"https:\/\/info-politique.fr\/index.php\/wp-json\/wp\/v2\/categories?post=841"},{"taxonomy":"post_tag","embeddable":true,"href":"https:\/\/info-politique.fr\/index.php\/wp-json\/wp\/v2\/tags?post=841"}],"curies":[{"name":"wp","href":"https:\/\/api.w.org\/{rel}","templated":true}]}}