{"id":845,"date":"2025-09-11T13:45:52","date_gmt":"2025-09-11T11:45:52","guid":{"rendered":"https:\/\/info-politique.fr\/?p=845"},"modified":"2025-09-11T13:45:59","modified_gmt":"2025-09-11T11:45:59","slug":"qui-est-sebastien-lecornu-notre-nouveau-premier-ministre","status":"publish","type":"post","link":"https:\/\/info-politique.fr\/index.php\/2025\/09\/11\/qui-est-sebastien-lecornu-notre-nouveau-premier-ministre\/","title":{"rendered":"Qui est S\u00e9bastien Lecornu, notre nouveau Premier ministre ?"},"content":{"rendered":"<p data-start=\"212\" data-end=\"550\">Emmanuel Macron a tranch\u00e9. Apr\u00e8s plusieurs semaines de sp\u00e9culations et un remaniement attendu, c\u2019est finalement <strong data-start=\"324\" data-end=\"345\">S\u00e9bastien Lecornu<\/strong>, jusqu\u2019ici ministre des Arm\u00e9es, qui prend la t\u00eate du gouvernement. \u00c0 39 ans, ce fid\u00e8le du chef de l\u2019\u00c9tat devient l\u2019un des plus jeunes Premiers ministres de la Ve R\u00e9publique, succ\u00e9dant \u00e0 Fran\u00e7ois Bayrou.<\/p>\n<h3 data-start=\"552\" data-end=\"592\">Un macroniste de la premi\u00e8re heure<\/h3>\n<p data-start=\"593\" data-end=\"1013\">Entr\u00e9 au gouvernement d\u00e8s 2017, S\u00e9bastien Lecornu s\u2019est impos\u00e9 comme un acteur incontournable du quinquennat. D\u2019abord secr\u00e9taire d\u2019\u00c9tat aupr\u00e8s de Nicolas Hulot \u00e0 la Transition \u00e9cologique, il a ensuite encha\u00een\u00e9 les portefeuilles : Collectivit\u00e9s territoriales, Outre-mer, puis Arm\u00e9es en 2022. Ce parcours \u00e9clair illustre la confiance que lui accorde Emmanuel Macron, qui voit en lui un alli\u00e9 politique s\u00fbr et disciplin\u00e9.<\/p>\n<h3 data-start=\"1015\" data-end=\"1052\">Une carri\u00e8re commenc\u00e9e tr\u00e8s t\u00f4t<\/h3>\n<p data-start=\"1053\" data-end=\"1507\">N\u00e9 en 1986 \u00e0 Eaubonne (Val-d\u2019Oise), Lecornu s\u2019est engag\u00e9 d\u00e8s l\u2019adolescence en politique. \u00c0 seulement 16 ans, il adh\u00e8re \u00e0 l\u2019UMP \u00e0 Vernon, o\u00f9 il deviendra maire en 2014. Quelques ann\u00e9es plus t\u00f4t, il avait d\u00e9j\u00e0 fait parler de lui comme le plus jeune assistant parlementaire de France, \u00e0 19 ans. Son ascension locale l\u2019a conduit jusqu\u2019\u00e0 la pr\u00e9sidence du conseil d\u00e9partemental de l\u2019Eure, qu\u2019il remporte en 2015 gr\u00e2ce au soutien de son mentor Bruno Le Maire.<\/p>\n<h3 data-start=\"1509\" data-end=\"1537\">Des fid\u00e9lit\u00e9s assum\u00e9es<\/h3>\n<p data-start=\"1538\" data-end=\"1954\">Si Lecornu se revendique \u00ab r\u00e9publicain \u00bb et non issu de la gauche, il a su b\u00e2tir des alliances au-del\u00e0 des clivages traditionnels. Proche d\u2019\u00c9douard Philippe comme de Bruno Le Maire, il a toujours cultiv\u00e9 une image d\u2019homme de r\u00e9seaux et de compromis. Son r\u00f4le dans le grand d\u00e9bat national apr\u00e8s la crise des \u00ab gilets jaunes \u00bb l\u2019a aussi plac\u00e9 au c\u0153ur de la strat\u00e9gie macroniste de r\u00e9ponse aux contestations sociales.<\/p>\n<h3 data-start=\"1956\" data-end=\"1991\">Un pragmatique face aux d\u00e9fis<\/h3>\n<p data-start=\"1992\" data-end=\"2338\">Ses prises de position r\u00e9centes sur les finances publiques donnent le ton : pas de catastrophisme mais une conviction que la France doit se r\u00e9former pour ne pas \u00ab s\u2019\u00e9touffer \u00e0 petit feu \u00bb. Dans le m\u00eame temps, certains de ses choix pass\u00e9s, comme un d\u00eener remarqu\u00e9 avec Marine Le Pen, continuent d\u2019alimenter la m\u00e9fiance d\u2019une partie de la gauche.<\/p>\n<h3 data-start=\"2340\" data-end=\"2377\">Un Premier ministre \u00e0 l\u2019\u00e9preuve<\/h3>\n<p data-start=\"2378\" data-end=\"2627\">Avec ce nouveau r\u00f4le, S\u00e9bastien Lecornu doit d\u00e9sormais composer avec un paysage politique fragment\u00e9 et une opinion publique exigeante. Son profil de jeune technicien politique, \u00e0 la fois loyal et ambitieux, sera scrut\u00e9 d\u00e8s ses premi\u00e8res d\u00e9cisions.<\/p>\n","protected":false},"excerpt":{"rendered":"<p>Emmanuel Macron a tranch\u00e9. Apr\u00e8s plusieurs semaines de sp\u00e9culations et un remaniement attendu, c\u2019est finalement S\u00e9bastien Lecornu, jusqu\u2019ici ministre des Arm\u00e9es, qui prend la t\u00eate du gouvernement. \u00c0 39 ans, ce fid\u00e8le du chef de l\u2019\u00c9tat devient l\u2019un des plus jeunes Premiers ministres de la Ve R\u00e9publique, succ\u00e9dant \u00e0 Fran\u00e7ois Bayrou. Un macroniste de la [&hellip;]<\/p>\n","protected":false},"author":1,"featured_media":846,"comment_status":"closed","ping_status":"open","sticky":false,"template":"","format":"standard","meta":{"_jetpack_memberships_contains_paid_content":false,"footnotes":""},"categories":[25],"tags":[],"class_list":["post-845","post","type-post","status-publish","format-standard","has-post-thumbnail","hentry","category-la-une"],"jetpack_featured_media_url":"https:\/\/info-politique.fr\/wp-content\/uploads\/2025\/09\/Capture-decran-2025-09-11-a-13.41.32.png","jetpack_sharing_enabled":true,"_links":{"self":[{"href":"https:\/\/info-politique.fr\/index.php\/wp-json\/wp\/v2\/posts\/845","targetHints":{"allow":["GET"]}}],"collection":[{"href":"https:\/\/info-politique.fr\/index.php\/wp-json\/wp\/v2\/posts"}],"about":[{"href":"https:\/\/info-politique.fr\/index.php\/wp-json\/wp\/v2\/types\/post"}],"author":[{"embeddable":true,"href":"https:\/\/info-politique.fr\/index.php\/wp-json\/wp\/v2\/users\/1"}],"replies":[{"embeddable":true,"href":"https:\/\/info-politique.fr\/index.php\/wp-json\/wp\/v2\/comments?post=845"}],"version-history":[{"count":2,"href":"https:\/\/info-politique.fr\/index.php\/wp-json\/wp\/v2\/posts\/845\/revisions"}],"predecessor-version":[{"id":848,"href":"https:\/\/info-politique.fr\/index.php\/wp-json\/wp\/v2\/posts\/845\/revisions\/848"}],"wp:featuredmedia":[{"embeddable":true,"href":"https:\/\/info-politique.fr\/index.php\/wp-json\/wp\/v2\/media\/846"}],"wp:attachment":[{"href":"https:\/\/info-politique.fr\/index.php\/wp-json\/wp\/v2\/media?parent=845"}],"wp:term":[{"taxonomy":"category","embeddable":true,"href":"https:\/\/info-politique.fr\/index.php\/wp-json\/wp\/v2\/categories?post=845"},{"taxonomy":"post_tag","embeddable":true,"href":"https:\/\/info-politique.fr\/index.php\/wp-json\/wp\/v2\/tags?post=845"}],"curies":[{"name":"wp","href":"https:\/\/api.w.org\/{rel}","templated":true}]}}