{"id":849,"date":"2025-09-11T13:51:41","date_gmt":"2025-09-11T11:51:41","guid":{"rendered":"https:\/\/info-politique.fr\/?p=849"},"modified":"2025-09-11T13:51:41","modified_gmt":"2025-09-11T11:51:41","slug":"lfi-deposera-direct-une-motion-de-censure-contre-le-gouvernement-lecornu","status":"publish","type":"post","link":"https:\/\/info-politique.fr\/index.php\/2025\/09\/11\/lfi-deposera-direct-une-motion-de-censure-contre-le-gouvernement-lecornu\/","title":{"rendered":"LFI d\u00e9posera direct une motion de censure contre le gouvernement Lecornu"},"content":{"rendered":"<p data-start=\"200\" data-end=\"462\">\u00c0 peine install\u00e9 \u00e0 Matignon, S\u00e9bastien Lecornu doit d\u00e9j\u00e0 affronter les hostilit\u00e9s parlementaires. <strong data-start=\"298\" data-end=\"321\">La France insoumise<\/strong> a confirm\u00e9 ce mercredi son intention de d\u00e9poser une <strong data-start=\"374\" data-end=\"459\">motion de censure d\u00e8s l\u2019ouverture de la prochaine session \u00e0 l\u2019Assembl\u00e9e nationale<\/strong>.<\/p>\n<h3 data-start=\"464\" data-end=\"495\">\u00ab Un d\u00e9ni de d\u00e9mocratie \u00bb<\/h3>\n<p data-start=\"496\" data-end=\"656\">Manuel Bompard, coordinateur du mouvement, a d\u00e9nonc\u00e9 sur RMC et BFMTV le choix d\u2019Emmanuel Macron, qu\u2019il qualifie de m\u00e9prisant vis-\u00e0-vis du verdict des urnes :<\/p>\n<p>\u00ab Les Fran\u00e7ais ont exprim\u00e9 leur opposition \u00e0 la politique pr\u00e9sidentielle. Pourtant, le chef de l\u2019\u00c9tat persiste et signe, en imposant le m\u00eame cap. \u00bb<\/p>\n<p data-start=\"810\" data-end=\"1010\">Pour le d\u00e9put\u00e9 des Bouches-du-Rh\u00f4ne, la nomination de Lecornu illustre la volont\u00e9 d\u2019Emmanuel Macron d\u2019ignorer les messages envoy\u00e9s par le Parlement, qui a d\u00e9j\u00e0 censur\u00e9 deux gouvernements successifs.<\/p>\n<h3 data-start=\"1012\" data-end=\"1048\">Rappel des \u00e9pisodes pr\u00e9c\u00e9dents<\/h3>\n<p data-start=\"1049\" data-end=\"1136\">Bompard a \u00e9galement ironis\u00e9 sur la succession des crises institutionnelles r\u00e9centes :<\/p>\n<ul data-start=\"1137\" data-end=\"1343\">\n<li data-start=\"1137\" data-end=\"1228\">\n<p data-start=\"1139\" data-end=\"1228\">Michel Barnier avait \u00e9t\u00e9 renvers\u00e9 par une motion de censure li\u00e9e \u00e0 l\u2019usage du <strong data-start=\"1217\" data-end=\"1225\">49.3<\/strong>.<\/p>\n<\/li>\n<li data-start=\"1229\" data-end=\"1343\">\n<p data-start=\"1231\" data-end=\"1343\">Fran\u00e7ois Bayrou avait d\u00fb quitter Matignon apr\u00e8s un vote de confiance d\u00e9favorable sur le fondement du <strong data-start=\"1332\" data-end=\"1340\">49.1<\/strong>.<\/p>\n<\/li>\n<\/ul>\n<p data-start=\"1345\" data-end=\"1550\">\u00ab J\u2019ai l\u2019impression que le pr\u00e9sident veut exp\u00e9rimenter tous les articles de la Constitution. Peut-\u00eatre que S\u00e9bastien Lecornu sera renvoy\u00e9, lui, par le <strong data-start=\"1496\" data-end=\"1504\">49.2<\/strong> \u00bb, a lanc\u00e9 le proche de Jean-Luc M\u00e9lenchon.<\/p>\n<h3 data-start=\"1552\" data-end=\"1593\">Une entr\u00e9e en fonction sous tension<\/h3>\n<p data-start=\"1594\" data-end=\"1894\">Ce nouvel \u00e9pisode illustre l\u2019extr\u00eame fragilit\u00e9 politique dans laquelle S\u00e9bastien Lecornu d\u00e9bute son mandat. Le chef du gouvernement, fid\u00e8le d\u2019Emmanuel Macron, doit composer avec une majorit\u00e9 relative et une opposition d\u00e9termin\u00e9e \u00e0 utiliser tous les leviers constitutionnels pour bloquer son action.<\/p>\n","protected":false},"excerpt":{"rendered":"<p>\u00c0 peine install\u00e9 \u00e0 Matignon, S\u00e9bastien Lecornu doit d\u00e9j\u00e0 affronter les hostilit\u00e9s parlementaires. La France insoumise a confirm\u00e9 ce mercredi son intention de d\u00e9poser une motion de censure d\u00e8s l\u2019ouverture de la prochaine session \u00e0 l\u2019Assembl\u00e9e nationale. \u00ab Un d\u00e9ni de d\u00e9mocratie \u00bb Manuel Bompard, coordinateur du mouvement, a d\u00e9nonc\u00e9 sur RMC et BFMTV le [&hellip;]<\/p>\n","protected":false},"author":1,"featured_media":731,"comment_status":"closed","ping_status":"open","sticky":false,"template":"","format":"standard","meta":{"_jetpack_memberships_contains_paid_content":false,"footnotes":""},"categories":[25],"tags":[],"class_list":["post-849","post","type-post","status-publish","format-standard","has-post-thumbnail","hentry","category-la-une"],"jetpack_featured_media_url":"https:\/\/info-politique.fr\/wp-content\/uploads\/2025\/01\/Capture-decran-2025-01-21-a-13.07.58.png","jetpack_sharing_enabled":true,"_links":{"self":[{"href":"https:\/\/info-politique.fr\/index.php\/wp-json\/wp\/v2\/posts\/849","targetHints":{"allow":["GET"]}}],"collection":[{"href":"https:\/\/info-politique.fr\/index.php\/wp-json\/wp\/v2\/posts"}],"about":[{"href":"https:\/\/info-politique.fr\/index.php\/wp-json\/wp\/v2\/types\/post"}],"author":[{"embeddable":true,"href":"https:\/\/info-politique.fr\/index.php\/wp-json\/wp\/v2\/users\/1"}],"replies":[{"embeddable":true,"href":"https:\/\/info-politique.fr\/index.php\/wp-json\/wp\/v2\/comments?post=849"}],"version-history":[{"count":1,"href":"https:\/\/info-politique.fr\/index.php\/wp-json\/wp\/v2\/posts\/849\/revisions"}],"predecessor-version":[{"id":850,"href":"https:\/\/info-politique.fr\/index.php\/wp-json\/wp\/v2\/posts\/849\/revisions\/850"}],"wp:featuredmedia":[{"embeddable":true,"href":"https:\/\/info-politique.fr\/index.php\/wp-json\/wp\/v2\/media\/731"}],"wp:attachment":[{"href":"https:\/\/info-politique.fr\/index.php\/wp-json\/wp\/v2\/media?parent=849"}],"wp:term":[{"taxonomy":"category","embeddable":true,"href":"https:\/\/info-politique.fr\/index.php\/wp-json\/wp\/v2\/categories?post=849"},{"taxonomy":"post_tag","embeddable":true,"href":"https:\/\/info-politique.fr\/index.php\/wp-json\/wp\/v2\/tags?post=849"}],"curies":[{"name":"wp","href":"https:\/\/api.w.org\/{rel}","templated":true}]}}