{"id":851,"date":"2025-09-11T13:53:58","date_gmt":"2025-09-11T11:53:58","guid":{"rendered":"https:\/\/info-politique.fr\/?p=851"},"modified":"2025-09-11T13:53:58","modified_gmt":"2025-09-11T11:53:58","slug":"le-rn-previent-sebastien-lecornu-la-rupture-ou-la-censure","status":"publish","type":"post","link":"https:\/\/info-politique.fr\/index.php\/2025\/09\/11\/le-rn-previent-sebastien-lecornu-la-rupture-ou-la-censure\/","title":{"rendered":"Le RN pr\u00e9vient S\u00e9bastien Lecornu : \u00ab la rupture \u00bb ou la censure"},"content":{"rendered":"<p data-start=\"190\" data-end=\"556\">\u00c0 peine nomm\u00e9 \u00e0 Matignon, <strong data-start=\"216\" data-end=\"237\">S\u00e9bastien Lecornu<\/strong> fait d\u00e9j\u00e0 face aux premi\u00e8res menaces politiques. Depuis Strasbourg, le pr\u00e9sident du Rassemblement national, <strong data-start=\"346\" data-end=\"365\">Jordan Bardella<\/strong>, a mis en garde le nouveau Premier ministre : son gouvernement ne b\u00e9n\u00e9ficiera que d\u2019un court r\u00e9pit, et seulement \u00e0 condition qu\u2019il rompe avec la ligne suivie jusque-l\u00e0 par Emmanuel Macron.<\/p>\n<h3 data-start=\"558\" data-end=\"588\">Une tr\u00eave conditionnelle<\/h3>\n<p data-start=\"589\" data-end=\"719\">Le chef du RN a expliqu\u00e9 que son parti ne d\u00e9poserait pas de motion de censure imm\u00e9diate. Mais il a pos\u00e9 une ligne rouge claire :<\/p>\n<blockquote data-start=\"720\" data-end=\"850\">\n<p data-start=\"722\" data-end=\"850\">\u00ab Soit il y a rupture, soit il y aura censure \u00bb, a-t-il r\u00e9sum\u00e9 lors d\u2019un point presse organis\u00e9 en marge du Parlement europ\u00e9en.<\/p>\n<\/blockquote>\n<p data-start=\"852\" data-end=\"1020\">Autrement dit, le RN attendra le <strong data-start=\"885\" data-end=\"919\">discours de politique g\u00e9n\u00e9rale<\/strong> de S\u00e9bastien Lecornu avant de trancher, mais il pr\u00e9vient d\u00e9j\u00e0 qu\u2019il ne donnera pas de blanc-seing.<\/p>\n<h3 data-start=\"1022\" data-end=\"1047\">Les exigences du RN<\/h3>\n<p data-start=\"1048\" data-end=\"1095\">Jordan Bardella a list\u00e9 plusieurs priorit\u00e9s :<\/p>\n<ul data-start=\"1096\" data-end=\"1333\">\n<li data-start=\"1096\" data-end=\"1147\">\n<p data-start=\"1098\" data-end=\"1147\">un <strong data-start=\"1101\" data-end=\"1144\">durcissement de la politique migratoire<\/strong>,<\/p>\n<\/li>\n<li data-start=\"1148\" data-end=\"1248\">\n<p data-start=\"1150\" data-end=\"1248\">un refus cat\u00e9gorique de toute <strong data-start=\"1180\" data-end=\"1199\">hausse d\u2019imp\u00f4ts<\/strong> pesant sur les classes moyennes et populaires,<\/p>\n<\/li>\n<li data-start=\"1249\" data-end=\"1333\">\n<p data-start=\"1251\" data-end=\"1333\">l\u2019opposition ferme de la France au <strong data-start=\"1286\" data-end=\"1330\">trait\u00e9 de libre-\u00e9change avec le Mercosur<\/strong>.<\/p>\n<\/li>\n<\/ul>\n<p data-start=\"1335\" data-end=\"1470\">Ces conditions s\u2019ajoutent \u00e0 une d\u00e9fiance g\u00e9n\u00e9rale envers la continuit\u00e9 macroniste, que le RN consid\u00e8re comme \u00ab condamn\u00e9e \u00e0 l\u2019\u00e9chec \u00bb.<\/p>\n<h3 data-start=\"1472\" data-end=\"1509\">Une majorit\u00e9 fragile \u00e0 Matignon<\/h3>\n<p data-start=\"1510\" data-end=\"1875\">Apr\u00e8s la <strong data-start=\"1519\" data-end=\"1547\">chute de Fran\u00e7ois Bayrou<\/strong> lors d\u2019un vote de confiance \u00e0 l\u2019Assembl\u00e9e, et l\u2019\u00e9chec pr\u00e9c\u00e9dent de Michel Barnier, S\u00e9bastien Lecornu sait qu\u2019il marche sur une ligne de cr\u00eate. Depuis sa nomination, il multiplie les rencontres, y compris avec le Parti socialiste, dans l\u2019espoir de b\u00e2tir une majorit\u00e9 de compromis autour de son programme et du prochain budget.<\/p>\n<p data-start=\"1877\" data-end=\"2147\">Pour Jordan Bardella, le nouveau Premier ministre entame son mandat dans une position d\u00e9j\u00e0 affaiblie : \u00ab Nous n\u2019avons aucune illusion sur sa capacit\u00e9 \u00e0 durer \u00bb, a-t-il confi\u00e9, estimant que son passage \u00e0 Matignon pourrait \u00eatre aussi bref que celui de ses pr\u00e9d\u00e9cesseurs.<\/p>\n","protected":false},"excerpt":{"rendered":"<p>\u00c0 peine nomm\u00e9 \u00e0 Matignon, S\u00e9bastien Lecornu fait d\u00e9j\u00e0 face aux premi\u00e8res menaces politiques. Depuis Strasbourg, le pr\u00e9sident du Rassemblement national, Jordan Bardella, a mis en garde le nouveau Premier ministre : son gouvernement ne b\u00e9n\u00e9ficiera que d\u2019un court r\u00e9pit, et seulement \u00e0 condition qu\u2019il rompe avec la ligne suivie jusque-l\u00e0 par Emmanuel Macron. Une [&hellip;]<\/p>\n","protected":false},"author":1,"featured_media":608,"comment_status":"closed","ping_status":"open","sticky":false,"template":"","format":"standard","meta":{"_jetpack_memberships_contains_paid_content":false,"footnotes":""},"categories":[25],"tags":[],"class_list":["post-851","post","type-post","status-publish","format-standard","has-post-thumbnail","hentry","category-la-une"],"jetpack_featured_media_url":"https:\/\/info-politique.fr\/wp-content\/uploads\/2024\/06\/Capture-decran-2024-06-05-a-11.42.28.png","jetpack_sharing_enabled":true,"_links":{"self":[{"href":"https:\/\/info-politique.fr\/index.php\/wp-json\/wp\/v2\/posts\/851","targetHints":{"allow":["GET"]}}],"collection":[{"href":"https:\/\/info-politique.fr\/index.php\/wp-json\/wp\/v2\/posts"}],"about":[{"href":"https:\/\/info-politique.fr\/index.php\/wp-json\/wp\/v2\/types\/post"}],"author":[{"embeddable":true,"href":"https:\/\/info-politique.fr\/index.php\/wp-json\/wp\/v2\/users\/1"}],"replies":[{"embeddable":true,"href":"https:\/\/info-politique.fr\/index.php\/wp-json\/wp\/v2\/comments?post=851"}],"version-history":[{"count":1,"href":"https:\/\/info-politique.fr\/index.php\/wp-json\/wp\/v2\/posts\/851\/revisions"}],"predecessor-version":[{"id":852,"href":"https:\/\/info-politique.fr\/index.php\/wp-json\/wp\/v2\/posts\/851\/revisions\/852"}],"wp:featuredmedia":[{"embeddable":true,"href":"https:\/\/info-politique.fr\/index.php\/wp-json\/wp\/v2\/media\/608"}],"wp:attachment":[{"href":"https:\/\/info-politique.fr\/index.php\/wp-json\/wp\/v2\/media?parent=851"}],"wp:term":[{"taxonomy":"category","embeddable":true,"href":"https:\/\/info-politique.fr\/index.php\/wp-json\/wp\/v2\/categories?post=851"},{"taxonomy":"post_tag","embeddable":true,"href":"https:\/\/info-politique.fr\/index.php\/wp-json\/wp\/v2\/tags?post=851"}],"curies":[{"name":"wp","href":"https:\/\/api.w.org\/{rel}","templated":true}]}}