{"id":854,"date":"2025-10-03T14:05:03","date_gmt":"2025-10-03T12:05:03","guid":{"rendered":"https:\/\/info-politique.fr\/?p=854"},"modified":"2025-10-03T14:05:03","modified_gmt":"2025-10-03T12:05:03","slug":"nicolas-sarkozy-condamne-je-ne-me-laisserai-pas-faire","status":"publish","type":"post","link":"https:\/\/info-politique.fr\/index.php\/2025\/10\/03\/nicolas-sarkozy-condamne-je-ne-me-laisserai-pas-faire\/","title":{"rendered":"Nicolas Sarkozy condamn\u00e9 : \u00ab Je ne me laisserai pas faire \u00bb"},"content":{"rendered":"<p data-start=\"267\" data-end=\"470\">L\u2019ancien pr\u00e9sident de la R\u00e9publique, r\u00e9cemment condamn\u00e9 \u00e0 cinq ans de prison dans le cadre du financement libyen de sa campagne de 2007, s\u2019exprime pour la premi\u00e8re fois depuis le verdict.<\/p>\n<p data-start=\"472\" data-end=\"748\">Dans une vid\u00e9o publi\u00e9e ce jeudi sur son compte X, Nicolas Sarkozy a tenu \u00e0 remercier ses soutiens. \u00ab Les messages que j\u2019ai re\u00e7us m\u2019ont profond\u00e9ment touch\u00e9, ma famille et moi-m\u00eame avons \u00e9t\u00e9 boulevers\u00e9s. Cette chaleur humaine me donne une \u00e9nergie incroyable \u00bb, a-t-il d\u00e9clar\u00e9.<\/p>\n<p data-start=\"750\" data-end=\"1168\">L\u2019ancien chef de l\u2019\u00c9tat consid\u00e8re cette condamnation comme un moment difficile \u00e0 vivre. \u00ab C\u2019est une \u00e9preuve pour moi et pour mes proches \u00bb, a-t-il pr\u00e9cis\u00e9 avant d\u2019affirmer sa d\u00e9termination. \u00ab Je ne me laisserai pas intimider. Nous irons jusqu\u2019au bout car je suis convaincu que la v\u00e9rit\u00e9 et l\u2019innocence finiront par triompher \u00bb, a-t-il ajout\u00e9, confirmant qu\u2019il avait fait appel du jugement rendu en premi\u00e8re instance.<\/p>\n<p data-start=\"1170\" data-end=\"1435\">Nicolas Sarkozy a \u00e9galement tenu \u00e0 adresser un message rassurant \u00e0 ses partisans. \u00ab Merci \u00e0 tous pour votre soutien. Je vous emm\u00e8ne avec moi dans cette bataille. Je surmonterai cette \u00e9preuve, et je n\u2019abandonnerai jamais la France ni les Fran\u00e7ais \u00bb, a-t-il conclu.<\/p>\n<p data-start=\"1437\" data-end=\"1740\">Par ailleurs, une vingtaine d\u2019avocats ont d\u00e9pos\u00e9 une plainte contre l\u2019ancien pr\u00e9sident, l\u2019accusant d\u2019avoir port\u00e9 atteinte \u00e0 l\u2019institution judiciaire par ses commentaires sur sa condamnation. Le calendrier exact de son incarc\u00e9ration devrait \u00eatre pr\u00e9cis\u00e9 par le Parquet national financier le 13 octobre.<\/p>\n","protected":false},"excerpt":{"rendered":"<p>L\u2019ancien pr\u00e9sident de la R\u00e9publique, r\u00e9cemment condamn\u00e9 \u00e0 cinq ans de prison dans le cadre du financement libyen de sa campagne de 2007, s\u2019exprime pour la premi\u00e8re fois depuis le verdict. Dans une vid\u00e9o publi\u00e9e ce jeudi sur son compte X, Nicolas Sarkozy a tenu \u00e0 remercier ses soutiens. \u00ab Les messages que j\u2019ai re\u00e7us [&hellip;]<\/p>\n","protected":false},"author":1,"featured_media":855,"comment_status":"closed","ping_status":"open","sticky":false,"template":"","format":"standard","meta":{"_jetpack_memberships_contains_paid_content":false,"footnotes":""},"categories":[25],"tags":[],"class_list":["post-854","post","type-post","status-publish","format-standard","has-post-thumbnail","hentry","category-la-une"],"jetpack_featured_media_url":"https:\/\/info-politique.fr\/wp-content\/uploads\/2025\/10\/Capture-decran-2025-10-03-a-14.04.30.png","jetpack_sharing_enabled":true,"_links":{"self":[{"href":"https:\/\/info-politique.fr\/index.php\/wp-json\/wp\/v2\/posts\/854","targetHints":{"allow":["GET"]}}],"collection":[{"href":"https:\/\/info-politique.fr\/index.php\/wp-json\/wp\/v2\/posts"}],"about":[{"href":"https:\/\/info-politique.fr\/index.php\/wp-json\/wp\/v2\/types\/post"}],"author":[{"embeddable":true,"href":"https:\/\/info-politique.fr\/index.php\/wp-json\/wp\/v2\/users\/1"}],"replies":[{"embeddable":true,"href":"https:\/\/info-politique.fr\/index.php\/wp-json\/wp\/v2\/comments?post=854"}],"version-history":[{"count":1,"href":"https:\/\/info-politique.fr\/index.php\/wp-json\/wp\/v2\/posts\/854\/revisions"}],"predecessor-version":[{"id":856,"href":"https:\/\/info-politique.fr\/index.php\/wp-json\/wp\/v2\/posts\/854\/revisions\/856"}],"wp:featuredmedia":[{"embeddable":true,"href":"https:\/\/info-politique.fr\/index.php\/wp-json\/wp\/v2\/media\/855"}],"wp:attachment":[{"href":"https:\/\/info-politique.fr\/index.php\/wp-json\/wp\/v2\/media?parent=854"}],"wp:term":[{"taxonomy":"category","embeddable":true,"href":"https:\/\/info-politique.fr\/index.php\/wp-json\/wp\/v2\/categories?post=854"},{"taxonomy":"post_tag","embeddable":true,"href":"https:\/\/info-politique.fr\/index.php\/wp-json\/wp\/v2\/tags?post=854"}],"curies":[{"name":"wp","href":"https:\/\/api.w.org\/{rel}","templated":true}]}}