{"id":857,"date":"2025-10-03T14:08:42","date_gmt":"2025-10-03T12:08:42","guid":{"rendered":"https:\/\/info-politique.fr\/?p=857"},"modified":"2025-10-03T14:11:47","modified_gmt":"2025-10-03T12:11:47","slug":"retailleau-et-lr-font-monter-les-encheres-a-propos-du-gouvernement-lecornu","status":"publish","type":"post","link":"https:\/\/info-politique.fr\/index.php\/2025\/10\/03\/retailleau-et-lr-font-monter-les-encheres-a-propos-du-gouvernement-lecornu\/","title":{"rendered":"Retailleau et LR font monter les ench\u00e8res \u00e0 propos du gouvernement Lecornu"},"content":{"rendered":"<p data-start=\"241\" data-end=\"541\">Les n\u00e9gociations entre Les R\u00e9publicains et le gouvernement Lecornu connaissent un nouveau rebondissement. Bruno Retailleau, pr\u00e9sident du parti et ministre de l\u2019Int\u00e9rieur d\u00e9missionnaire, a exprim\u00e9 jeudi son scepticisme quant \u00e0 l\u2019engagement de LR dans la future \u00e9quipe minist\u00e9rielle.<\/p>\n<p data-start=\"543\" data-end=\"881\">Re\u00e7u longuement \u00e0 Matignon par le Premier ministre S\u00e9bastien Lecornu, Retailleau a d\u00e9clar\u00e9 au Figaro que \u00ab le compte n\u2019y est pas \u00bb. Lors d\u2019une visioconf\u00e9rence d\u2019urgence avec les parlementaires de son parti, il a d\u00e9taill\u00e9 plusieurs points de d\u00e9saccord, insistant particuli\u00e8rement sur les questions li\u00e9es \u00e0 l\u2019immigration et \u00e0 la s\u00e9curit\u00e9.<\/p>\n<p data-start=\"883\" data-end=\"1218\">\u00ab Le plus pr\u00e9occupant concerne le r\u00e9galien \u00bb, a pr\u00e9cis\u00e9 le ministre. Il a regrett\u00e9 l\u2019absence de mesures concr\u00e8tes sur l\u2019aide m\u00e9dicale d\u2019\u00c9tat, le d\u00e9lit de s\u00e9jour irr\u00e9gulier ou encore la gestion des visas, qu\u2019il souhaitait voir centralis\u00e9e \u00e0 Beauvau. \u00ab On ne pourra pas s\u2019engager tant que le projet ne sera pas amend\u00e9 \u00bb, a-t-il averti.<\/p>\n<p data-start=\"1220\" data-end=\"1478\">Outre les contenus politiques, Bruno Retailleau a \u00e9galement formul\u00e9 des exigences sur la composition du gouvernement. Il souhaite qu\u2019un tiers des postes reviennent \u00e0 LR, alors que le Premier ministre envisage pour l\u2019instant une \u00e9quipe de 20 \u00e0 25 ministres.<\/p>\n<p data-start=\"1480\" data-end=\"1921\">Une version d\u00e9finitive de la feuille de route est attendue vendredi soir. \u00ab Nous d\u00e9ciderons le lendemain en fonction du document \u00bb, a indiqu\u00e9 le patron des R\u00e9publicains. Laurent Wauquiez, pr\u00e9sident du groupe LR \u00e0 l\u2019Assembl\u00e9e, a appuy\u00e9 ce positionnement : \u00ab Sur le volet immigration, le compte n\u2019y est pas. Si rien n\u2019\u00e9volue, il ne faudra pas participer au gouvernement. Nous ne nous prononcerons que sur la base d\u2019un texte \u00e9crit et clair. \u00bb<\/p>\n","protected":false},"excerpt":{"rendered":"<p>Les n\u00e9gociations entre Les R\u00e9publicains et le gouvernement Lecornu connaissent un nouveau rebondissement. Bruno Retailleau, pr\u00e9sident du parti et ministre de l\u2019Int\u00e9rieur d\u00e9missionnaire, a exprim\u00e9 jeudi son scepticisme quant \u00e0 l\u2019engagement de LR dans la future \u00e9quipe minist\u00e9rielle. Re\u00e7u longuement \u00e0 Matignon par le Premier ministre S\u00e9bastien Lecornu, Retailleau a d\u00e9clar\u00e9 au Figaro que \u00ab [&hellip;]<\/p>\n","protected":false},"author":1,"featured_media":801,"comment_status":"closed","ping_status":"open","sticky":false,"template":"","format":"standard","meta":{"_jetpack_memberships_contains_paid_content":false,"footnotes":""},"categories":[25],"tags":[],"class_list":["post-857","post","type-post","status-publish","format-standard","has-post-thumbnail","hentry","category-la-une"],"jetpack_featured_media_url":"https:\/\/info-politique.fr\/wp-content\/uploads\/2025\/05\/Capture-decran-2025-05-19-a-14.40.21.png","jetpack_sharing_enabled":true,"_links":{"self":[{"href":"https:\/\/info-politique.fr\/index.php\/wp-json\/wp\/v2\/posts\/857","targetHints":{"allow":["GET"]}}],"collection":[{"href":"https:\/\/info-politique.fr\/index.php\/wp-json\/wp\/v2\/posts"}],"about":[{"href":"https:\/\/info-politique.fr\/index.php\/wp-json\/wp\/v2\/types\/post"}],"author":[{"embeddable":true,"href":"https:\/\/info-politique.fr\/index.php\/wp-json\/wp\/v2\/users\/1"}],"replies":[{"embeddable":true,"href":"https:\/\/info-politique.fr\/index.php\/wp-json\/wp\/v2\/comments?post=857"}],"version-history":[{"count":1,"href":"https:\/\/info-politique.fr\/index.php\/wp-json\/wp\/v2\/posts\/857\/revisions"}],"predecessor-version":[{"id":858,"href":"https:\/\/info-politique.fr\/index.php\/wp-json\/wp\/v2\/posts\/857\/revisions\/858"}],"wp:featuredmedia":[{"embeddable":true,"href":"https:\/\/info-politique.fr\/index.php\/wp-json\/wp\/v2\/media\/801"}],"wp:attachment":[{"href":"https:\/\/info-politique.fr\/index.php\/wp-json\/wp\/v2\/media?parent=857"}],"wp:term":[{"taxonomy":"category","embeddable":true,"href":"https:\/\/info-politique.fr\/index.php\/wp-json\/wp\/v2\/categories?post=857"},{"taxonomy":"post_tag","embeddable":true,"href":"https:\/\/info-politique.fr\/index.php\/wp-json\/wp\/v2\/tags?post=857"}],"curies":[{"name":"wp","href":"https:\/\/api.w.org\/{rel}","templated":true}]}}