{"id":859,"date":"2025-10-03T14:13:39","date_gmt":"2025-10-03T12:13:39","guid":{"rendered":"https:\/\/info-politique.fr\/?p=859"},"modified":"2025-10-03T14:13:39","modified_gmt":"2025-10-03T12:13:39","slug":"lecornu-renonce-a-utiliser-le-49-3-son-va-tout-pour-eviter-la-censure","status":"publish","type":"post","link":"https:\/\/info-politique.fr\/index.php\/2025\/10\/03\/lecornu-renonce-a-utiliser-le-49-3-son-va-tout-pour-eviter-la-censure\/","title":{"rendered":"Lecornu renonce \u00e0 utiliser le 49.3, son va-tout pour \u00e9viter la censure"},"content":{"rendered":"<p data-start=\"213\" data-end=\"593\">Dans une man\u0153uvre destin\u00e9e \u00e0 apaiser les tensions \u00e0 l\u2019Assembl\u00e9e nationale, le Premier ministre S\u00e9bastien Lecornu a annonc\u00e9 vendredi qu\u2019il renon\u00e7ait \u00e0 recourir \u00e0 l\u2019article 49.3 de la Constitution pour faire passer le projet de budget. Cette disposition, qui permet d\u2019adopter un texte sans vote, aurait pu exposer le gouvernement \u00e0 une motion de censure imm\u00e9diate.<\/p>\n<p data-start=\"595\" data-end=\"915\">\u00ab Renoncer au 49.3 ne signifie pas renoncer \u00e0 ce que la France dispose d\u2019un budget au 31 d\u00e9cembre \u00bb, a d\u00e9clar\u00e9 le chef du gouvernement depuis le perron de Matignon. Selon lui, cette d\u00e9cision \u00ab supprime tout pr\u00e9texte \u00bb pour bloquer le d\u00e9marrage des d\u00e9bats parlementaires, qui devraient d\u00e9buter d\u00e8s la semaine prochaine.<\/p>\n<p data-start=\"917\" data-end=\"1256\">S\u00e9bastien Lecornu a \u00e9galement pr\u00e9cis\u00e9 qu\u2019il prononcerait prochainement un discours de politique g\u00e9n\u00e9rale, apr\u00e8s avoir pr\u00e9sent\u00e9 son gouvernement. Ya\u00ebl Braun-Pivet, pr\u00e9sidente de l\u2019Assembl\u00e9e nationale, a salu\u00e9 sur X cette initiative comme un signe de confiance envers le Parlement, appelant \u00e0 des discussions \u00ab apais\u00e9es et constructives \u00bb.<\/p>\n<p data-start=\"1258\" data-end=\"1668\">Du c\u00f4t\u00e9 des partis de gauche, les r\u00e9actions restent partag\u00e9es. Boris Vallaud, chef de file des d\u00e9put\u00e9s socialistes, estime que l\u2019ex\u00e9cutif dispose encore de moyens pour imposer ses choix et juge insuffisante la simple renonciation au 49.3. Fabien Roussel, patron du Parti communiste, se montre plus conciliant, consid\u00e9rant qu\u2019il serait pr\u00e9matur\u00e9 de censurer un gouvernement qui redonne la parole au Parlement.<\/p>\n<p data-start=\"1670\" data-end=\"2041\">En revanche, La France insoumise, repr\u00e9sent\u00e9e par \u00c9ric Coquerel, r\u00e9clame une motion de censure pour contester ce qu\u2019elle qualifie d\u2019alliance de fait entre le gouvernement et le RN. Avec une Assembl\u00e9e fragment\u00e9e et le RN comme premier groupe de l\u2019opposition, Lecornu reste confront\u00e9 \u00e0 une majorit\u00e9 relative fragile et \u00e0 un calendrier parlementaire potentiellement tendu.<\/p>\n","protected":false},"excerpt":{"rendered":"<p>Dans une man\u0153uvre destin\u00e9e \u00e0 apaiser les tensions \u00e0 l\u2019Assembl\u00e9e nationale, le Premier ministre S\u00e9bastien Lecornu a annonc\u00e9 vendredi qu\u2019il renon\u00e7ait \u00e0 recourir \u00e0 l\u2019article 49.3 de la Constitution pour faire passer le projet de budget. Cette disposition, qui permet d\u2019adopter un texte sans vote, aurait pu exposer le gouvernement \u00e0 une motion de censure [&hellip;]<\/p>\n","protected":false},"author":1,"featured_media":846,"comment_status":"closed","ping_status":"open","sticky":false,"template":"","format":"standard","meta":{"_jetpack_memberships_contains_paid_content":false,"footnotes":""},"categories":[25],"tags":[],"class_list":["post-859","post","type-post","status-publish","format-standard","has-post-thumbnail","hentry","category-la-une"],"jetpack_featured_media_url":"https:\/\/info-politique.fr\/wp-content\/uploads\/2025\/09\/Capture-decran-2025-09-11-a-13.41.32.png","jetpack_sharing_enabled":true,"_links":{"self":[{"href":"https:\/\/info-politique.fr\/index.php\/wp-json\/wp\/v2\/posts\/859","targetHints":{"allow":["GET"]}}],"collection":[{"href":"https:\/\/info-politique.fr\/index.php\/wp-json\/wp\/v2\/posts"}],"about":[{"href":"https:\/\/info-politique.fr\/index.php\/wp-json\/wp\/v2\/types\/post"}],"author":[{"embeddable":true,"href":"https:\/\/info-politique.fr\/index.php\/wp-json\/wp\/v2\/users\/1"}],"replies":[{"embeddable":true,"href":"https:\/\/info-politique.fr\/index.php\/wp-json\/wp\/v2\/comments?post=859"}],"version-history":[{"count":1,"href":"https:\/\/info-politique.fr\/index.php\/wp-json\/wp\/v2\/posts\/859\/revisions"}],"predecessor-version":[{"id":860,"href":"https:\/\/info-politique.fr\/index.php\/wp-json\/wp\/v2\/posts\/859\/revisions\/860"}],"wp:featuredmedia":[{"embeddable":true,"href":"https:\/\/info-politique.fr\/index.php\/wp-json\/wp\/v2\/media\/846"}],"wp:attachment":[{"href":"https:\/\/info-politique.fr\/index.php\/wp-json\/wp\/v2\/media?parent=859"}],"wp:term":[{"taxonomy":"category","embeddable":true,"href":"https:\/\/info-politique.fr\/index.php\/wp-json\/wp\/v2\/categories?post=859"},{"taxonomy":"post_tag","embeddable":true,"href":"https:\/\/info-politique.fr\/index.php\/wp-json\/wp\/v2\/tags?post=859"}],"curies":[{"name":"wp","href":"https:\/\/api.w.org\/{rel}","templated":true}]}}