{"id":862,"date":"2025-10-22T16:06:37","date_gmt":"2025-10-22T14:06:37","guid":{"rendered":"https:\/\/info-politique.fr\/?p=862"},"modified":"2025-10-22T16:06:37","modified_gmt":"2025-10-22T14:06:37","slug":"nice-le-couple-estrosi-vise-par-une-plainte-deposee-au-parquet-national-financier","status":"publish","type":"post","link":"https:\/\/info-politique.fr\/index.php\/2025\/10\/22\/nice-le-couple-estrosi-vise-par-une-plainte-deposee-au-parquet-national-financier\/","title":{"rendered":"Nice : Le couple Estrosi vis\u00e9 par une plainte d\u00e9pos\u00e9e au Parquet national financier"},"content":{"rendered":"<p data-start=\"327\" data-end=\"670\">Une nouvelle affaire vient troubler l\u2019horizon politique ni\u00e7ois \u00e0 quelques mois des \u00e9lections municipales. Selon des informations confirm\u00e9es par le Parquet national financier (PNF), une plainte a \u00e9t\u00e9 d\u00e9pos\u00e9e visant les activit\u00e9s de conseil du maire de Nice, Christian Estrosi, et de son \u00e9pouse, la journaliste et entrepreneuse Laura Tenoudji.<\/p>\n<h4 data-start=\"672\" data-end=\"732\">Une plainte d\u00e9pos\u00e9e par un salari\u00e9 de Smart Good Things<\/h4>\n<p data-start=\"734\" data-end=\"1477\">\u00c0 l\u2019origine de cette d\u00e9marche judiciaire : un salari\u00e9 de la soci\u00e9t\u00e9 <strong data-start=\"802\" data-end=\"831\">Smart Good Things Holding<\/strong>, entreprise dirig\u00e9e par l\u2019homme d\u2019affaires franco-isra\u00e9lien <strong data-start=\"892\" data-end=\"907\">Serge Bueno<\/strong> et partiellement d\u00e9tenue par l\u2019ancien basketteur <strong data-start=\"957\" data-end=\"972\">Tony Parker<\/strong>. Ce lanceur d\u2019alerte, repr\u00e9sent\u00e9 par l\u2019avocat <strong data-start=\"1019\" data-end=\"1043\">Me Guillaume Sergent<\/strong>, affirme avoir \u00e9galement saisi le parquet de Marseille.<br data-start=\"1099\" data-end=\"1102\" \/>La plainte, d\u00e9pos\u00e9e contre X pour <strong data-start=\"1136\" data-end=\"1161\">abus de biens sociaux<\/strong> et <strong data-start=\"1165\" data-end=\"1198\">recel d\u2019abus de biens sociaux<\/strong>, met en cause d\u2019importantes sommes vers\u00e9es au couple Estrosi-Tenoudji entre mai 2024 et juin 2025. Selon les \u00e9l\u00e9ments transmis au parquet, <strong data-start=\"1338\" data-end=\"1363\">1,512 million d\u2019euros<\/strong> d\u2019honoraires auraient \u00e9t\u00e9 r\u00e9gl\u00e9s au titre de prestations de conseil, dont la r\u00e9alit\u00e9 est aujourd\u2019hui contest\u00e9e.<\/p>\n<h4 data-start=\"1479\" data-end=\"1524\">Des montants et contrats scrut\u00e9s de pr\u00e8s<\/h4>\n<p data-start=\"1526\" data-end=\"2294\">Le dossier \u00e9voque notamment <strong data-start=\"1554\" data-end=\"1584\">960 000 euros d\u2019honoraires<\/strong> r\u00e9partis \u00e0 parts \u00e9gales entre la soci\u00e9t\u00e9 <strong data-start=\"1626\" data-end=\"1647\">Hopkins &amp; Hopkins<\/strong>, d\u00e9tenue par Christian Estrosi, et <strong data-start=\"1683\" data-end=\"1700\">Startup Story<\/strong>, dirig\u00e9e par Laura Tenoudji. Ces r\u00e9mun\u00e9rations correspondraient \u00e0 un accord d\u2019int\u00e9ressement sign\u00e9 en novembre 2023, peu avant la revente de <strong data-start=\"1841\" data-end=\"1850\">Salva<\/strong>, une filiale de Smart Good Things, au groupe mutualiste <strong data-start=\"1907\" data-end=\"1918\">Garance<\/strong>.<br data-start=\"1919\" data-end=\"1922\" \/>Cette op\u00e9ration, valoris\u00e9e autour de <strong data-start=\"1959\" data-end=\"1982\">50 millions d\u2019euros<\/strong> selon le quotidien <em data-start=\"2002\" data-end=\"2014\">Nice-Matin<\/em>, concernait un service permettant aux consommateurs de constituer une \u00e9pargne retraite \u00e0 travers leurs achats du quotidien. Le plaignant met \u00e9galement en avant d\u2019autres prestations de conseil, estim\u00e9es \u00e0 <strong data-start=\"2219\" data-end=\"2236\">192 000 euros<\/strong> pour M. Estrosi et <strong data-start=\"2256\" data-end=\"2273\">360 000 euros<\/strong> pour Mme Tenoudji.<\/p>\n<h4 data-start=\"2296\" data-end=\"2342\">La d\u00e9fense d\u00e9nonce une man\u0153uvre politique<\/h4>\n<p data-start=\"2344\" data-end=\"2902\">Les avocats du maire de Nice, <strong data-start=\"2374\" data-end=\"2396\">Pierre-Olivier Sur<\/strong> et <strong data-start=\"2400\" data-end=\"2424\">Mathias Chichportich<\/strong>, rejettent fermement toute accusation de malversation. Dans un communiqu\u00e9, ils qualifient la plainte de \u00ab tentative de d\u00e9stabilisation \u00bb \u00e0 l\u2019approche du scrutin municipal.<br data-start=\"2596\" data-end=\"2599\" \/>\u00ab Christian Estrosi exerce ses activit\u00e9s de conseil dans le strict respect du droit et des r\u00e8gles applicables aux \u00e9lus. Les sommes \u00e9voqu\u00e9es correspondent exclusivement aux facturations r\u00e9guli\u00e8res de sa soci\u00e9t\u00e9 \u00bb, assurent-ils, d\u00e9non\u00e7ant une op\u00e9ration de communication \u00ab visant \u00e0 salir son int\u00e9grit\u00e9 \u00bb.<\/p>\n<h4 data-start=\"2904\" data-end=\"2951\">Une affaire qui tombe \u00e0 un moment sensible<\/h4>\n<p data-start=\"2953\" data-end=\"3344\">Si le Parquet national financier n\u2019a pas encore communiqu\u00e9 sur l\u2019ouverture formelle d\u2019une enqu\u00eate, cette affaire pourrait peser sur la campagne municipale \u00e0 venir. En attendant d\u2019\u00e9ventuelles suites judiciaires, le maire de Nice et son \u00e9pouse se retrouvent une nouvelle fois au centre de l\u2019attention m\u00e9diatique, entre enjeux politiques locaux et soup\u00e7ons de conflits d\u2019int\u00e9r\u00eats \u00e9conomiques.<\/p>\n","protected":false},"excerpt":{"rendered":"<p>Une nouvelle affaire vient troubler l\u2019horizon politique ni\u00e7ois \u00e0 quelques mois des \u00e9lections municipales. Selon des informations confirm\u00e9es par le Parquet national financier (PNF), une plainte a \u00e9t\u00e9 d\u00e9pos\u00e9e visant les activit\u00e9s de conseil du maire de Nice, Christian Estrosi, et de son \u00e9pouse, la journaliste et entrepreneuse Laura Tenoudji. Une plainte d\u00e9pos\u00e9e par un [&hellip;]<\/p>\n","protected":false},"author":1,"featured_media":863,"comment_status":"closed","ping_status":"open","sticky":false,"template":"","format":"standard","meta":{"_jetpack_memberships_contains_paid_content":false,"footnotes":""},"categories":[25],"tags":[],"class_list":["post-862","post","type-post","status-publish","format-standard","has-post-thumbnail","hentry","category-la-une"],"jetpack_featured_media_url":"https:\/\/info-politique.fr\/wp-content\/uploads\/2025\/10\/Capture-decran-2025-10-22-a-16.05.14.png","jetpack_sharing_enabled":true,"_links":{"self":[{"href":"https:\/\/info-politique.fr\/index.php\/wp-json\/wp\/v2\/posts\/862","targetHints":{"allow":["GET"]}}],"collection":[{"href":"https:\/\/info-politique.fr\/index.php\/wp-json\/wp\/v2\/posts"}],"about":[{"href":"https:\/\/info-politique.fr\/index.php\/wp-json\/wp\/v2\/types\/post"}],"author":[{"embeddable":true,"href":"https:\/\/info-politique.fr\/index.php\/wp-json\/wp\/v2\/users\/1"}],"replies":[{"embeddable":true,"href":"https:\/\/info-politique.fr\/index.php\/wp-json\/wp\/v2\/comments?post=862"}],"version-history":[{"count":1,"href":"https:\/\/info-politique.fr\/index.php\/wp-json\/wp\/v2\/posts\/862\/revisions"}],"predecessor-version":[{"id":864,"href":"https:\/\/info-politique.fr\/index.php\/wp-json\/wp\/v2\/posts\/862\/revisions\/864"}],"wp:featuredmedia":[{"embeddable":true,"href":"https:\/\/info-politique.fr\/index.php\/wp-json\/wp\/v2\/media\/863"}],"wp:attachment":[{"href":"https:\/\/info-politique.fr\/index.php\/wp-json\/wp\/v2\/media?parent=862"}],"wp:term":[{"taxonomy":"category","embeddable":true,"href":"https:\/\/info-politique.fr\/index.php\/wp-json\/wp\/v2\/categories?post=862"},{"taxonomy":"post_tag","embeddable":true,"href":"https:\/\/info-politique.fr\/index.php\/wp-json\/wp\/v2\/tags?post=862"}],"curies":[{"name":"wp","href":"https:\/\/api.w.org\/{rel}","templated":true}]}}