{"id":865,"date":"2025-10-22T16:08:41","date_gmt":"2025-10-22T14:08:41","guid":{"rendered":"https:\/\/info-politique.fr\/?p=865"},"modified":"2025-10-22T16:08:41","modified_gmt":"2025-10-22T14:08:41","slug":"budget-2026-les-deputes-rejettent-la-taxe-zucman-en-commission","status":"publish","type":"post","link":"https:\/\/info-politique.fr\/index.php\/2025\/10\/22\/budget-2026-les-deputes-rejettent-la-taxe-zucman-en-commission\/","title":{"rendered":"Budget 2026 : Les d\u00e9put\u00e9s rejettent la taxe Zucman en commission"},"content":{"rendered":"<p data-start=\"309\" data-end=\"764\">La bataille autour de la fiscalit\u00e9 des grandes fortunes s\u2019annonce l\u2019un des temps forts du d\u00e9bat budg\u00e9taire. Lundi soir, les d\u00e9put\u00e9s membres de la commission des Finances ont rejet\u00e9 la proposition de cr\u00e9er une taxe minimale sur les patrimoines d\u00e9passant 100 millions d\u2019euros. Inspir\u00e9e des travaux de l\u2019\u00e9conomiste <strong data-start=\"621\" data-end=\"639\">Gabriel Zucman<\/strong>, cette mesure, baptis\u00e9e par ses partisans \u00ab taxe Zucman \u00bb, devait instaurer un imp\u00f4t de 2 % sur les tr\u00e8s grandes fortunes.<\/p>\n<h4 data-start=\"766\" data-end=\"807\">Une mesure embl\u00e9matique de la gauche<\/h4>\n<p data-start=\"809\" data-end=\"1472\">Port\u00e9e par l\u2019ensemble des groupes de gauche \u2013 <strong data-start=\"855\" data-end=\"878\">La France insoumise<\/strong>, <strong data-start=\"880\" data-end=\"899\">les socialistes<\/strong>, <strong data-start=\"901\" data-end=\"920\">les \u00e9cologistes<\/strong> et <strong data-start=\"924\" data-end=\"943\">les communistes<\/strong>\u2013, la taxe visait \u00e0 r\u00e9tablir ce qu\u2019ils qualifient de \u00ab justice fiscale \u00bb.<br data-start=\"1017\" data-end=\"1020\" \/>\u00ab Ce ne sont pas les contribuables ordinaires mais bien les ultra-riches, ceux qui multiplient les strat\u00e9gies d\u2019optimisation, que nous visons \u00bb, a fait valoir la d\u00e9put\u00e9e \u00e9cologiste <strong data-start=\"1201\" data-end=\"1212\">Eva Sas<\/strong>, estimant que la mesure ne concernerait qu\u2019une infime minorit\u00e9 de Fran\u00e7ais. Le socialiste <strong data-start=\"1303\" data-end=\"1322\">Micka\u00ebl Bouloux<\/strong> y a vu \u00ab un signal de justice et d\u2019efficacit\u00e9 \u00e9conomique \u00bb, arguant que \u00ab les grandes fortunes peuvent contribuer davantage \u00e0 l\u2019effort collectif \u00bb.<\/p>\n<h4 data-start=\"1474\" data-end=\"1528\">Une opposition frontale du centre et de la droite<\/h4>\n<p data-start=\"1530\" data-end=\"1973\">Du c\u00f4t\u00e9 de la majorit\u00e9 pr\u00e9sidentielle et des R\u00e9publicains, le ton est tout autre. Le rapporteur g\u00e9n\u00e9ral du budget, <strong data-start=\"1645\" data-end=\"1668\">Philippe Juvin (LR)<\/strong>, a d\u00e9nonc\u00e9 une proposition \u00ab d\u00e9magogique et \u00e9conomiquement dangereuse \u00bb. Selon lui, la France figure d\u00e9j\u00e0 parmi les pays les plus imposants pour les hauts patrimoines, et une telle taxe risquerait de \u00ab d\u00e9courager les investisseurs \u00bb et de \u00ab fragiliser les entreprises innovantes encore non rentables \u00bb.<\/p>\n<p data-start=\"1975\" data-end=\"2388\">Le <strong data-start=\"1978\" data-end=\"2004\">Rassemblement national<\/strong> s\u2019est lui aussi prononc\u00e9 contre, redoutant un impact n\u00e9gatif sur l\u2019\u00e9conomie r\u00e9elle. \u00ab Rien ne garantit que les biens professionnels seront exclus du calcul \u00bb, a averti le d\u00e9put\u00e9 <strong data-start=\"2183\" data-end=\"2207\">Jean-Philippe Tanguy<\/strong>, qui craint \u00ab une nouvelle vague de d\u00e9sindustrialisation \u00bb. Le RN reproche par ailleurs \u00e0 la gauche de refuser sa propre proposition de taxation cibl\u00e9e sur les actifs financiers.<\/p>\n<h4 data-start=\"2390\" data-end=\"2432\">Le d\u00e9bat se poursuit dans l\u2019h\u00e9micycle<\/h4>\n<p data-start=\"2434\" data-end=\"2858\">Malgr\u00e9 ce premier revers en commission, la \u00ab taxe Zucman \u00bb n\u2019a pas disparu du texte budg\u00e9taire. Le gouvernement a confirm\u00e9 que la mesure serait <strong data-start=\"2578\" data-end=\"2627\">de nouveau discut\u00e9e vendredi dans l\u2019h\u00e9micycle<\/strong>, lors de l\u2019examen du <strong data-start=\"2649\" data-end=\"2683\">projet de loi de finances 2026<\/strong>.<br data-start=\"2684\" data-end=\"2687\" \/>Le d\u00e9bat, \u00e9minemment politique, devrait cristalliser les tensions entre partisans d\u2019une redistribution accrue des richesses et d\u00e9fenseurs de la comp\u00e9titivit\u00e9 \u00e9conomique.<\/p>\n","protected":false},"excerpt":{"rendered":"<p>La bataille autour de la fiscalit\u00e9 des grandes fortunes s\u2019annonce l\u2019un des temps forts du d\u00e9bat budg\u00e9taire. Lundi soir, les d\u00e9put\u00e9s membres de la commission des Finances ont rejet\u00e9 la proposition de cr\u00e9er une taxe minimale sur les patrimoines d\u00e9passant 100 millions d\u2019euros. Inspir\u00e9e des travaux de l\u2019\u00e9conomiste Gabriel Zucman, cette mesure, baptis\u00e9e par ses [&hellip;]<\/p>\n","protected":false},"author":1,"featured_media":491,"comment_status":"closed","ping_status":"open","sticky":false,"template":"","format":"standard","meta":{"_jetpack_memberships_contains_paid_content":false,"footnotes":""},"categories":[25],"tags":[],"class_list":["post-865","post","type-post","status-publish","format-standard","has-post-thumbnail","hentry","category-la-une"],"jetpack_featured_media_url":"https:\/\/info-politique.fr\/wp-content\/uploads\/2024\/03\/Capture-decran-2024-03-14-a-11.06.03.png","jetpack_sharing_enabled":true,"_links":{"self":[{"href":"https:\/\/info-politique.fr\/index.php\/wp-json\/wp\/v2\/posts\/865","targetHints":{"allow":["GET"]}}],"collection":[{"href":"https:\/\/info-politique.fr\/index.php\/wp-json\/wp\/v2\/posts"}],"about":[{"href":"https:\/\/info-politique.fr\/index.php\/wp-json\/wp\/v2\/types\/post"}],"author":[{"embeddable":true,"href":"https:\/\/info-politique.fr\/index.php\/wp-json\/wp\/v2\/users\/1"}],"replies":[{"embeddable":true,"href":"https:\/\/info-politique.fr\/index.php\/wp-json\/wp\/v2\/comments?post=865"}],"version-history":[{"count":1,"href":"https:\/\/info-politique.fr\/index.php\/wp-json\/wp\/v2\/posts\/865\/revisions"}],"predecessor-version":[{"id":866,"href":"https:\/\/info-politique.fr\/index.php\/wp-json\/wp\/v2\/posts\/865\/revisions\/866"}],"wp:featuredmedia":[{"embeddable":true,"href":"https:\/\/info-politique.fr\/index.php\/wp-json\/wp\/v2\/media\/491"}],"wp:attachment":[{"href":"https:\/\/info-politique.fr\/index.php\/wp-json\/wp\/v2\/media?parent=865"}],"wp:term":[{"taxonomy":"category","embeddable":true,"href":"https:\/\/info-politique.fr\/index.php\/wp-json\/wp\/v2\/categories?post=865"},{"taxonomy":"post_tag","embeddable":true,"href":"https:\/\/info-politique.fr\/index.php\/wp-json\/wp\/v2\/tags?post=865"}],"curies":[{"name":"wp","href":"https:\/\/api.w.org\/{rel}","templated":true}]}}