{"id":867,"date":"2025-10-22T16:10:45","date_gmt":"2025-10-22T14:10:45","guid":{"rendered":"https:\/\/info-politique.fr\/?p=867"},"modified":"2025-10-22T16:10:45","modified_gmt":"2025-10-22T14:10:45","slug":"retailleau-juge-invotable-le-projet-de-budget-et-menace-avec-la-censure","status":"publish","type":"post","link":"https:\/\/info-politique.fr\/index.php\/2025\/10\/22\/retailleau-juge-invotable-le-projet-de-budget-et-menace-avec-la-censure\/","title":{"rendered":"Retailleau juge \u00ab invotable \u00bb le projet de budget et menace avec la censure"},"content":{"rendered":"<p data-start=\"361\" data-end=\"771\">Le climat politique continue de se tendre autour du projet de loi de finances 2026. Dans un entretien accord\u00e9 au <em data-start=\"474\" data-end=\"482\">Figaro<\/em>, le pr\u00e9sident des R\u00e9publicains <strong data-start=\"514\" data-end=\"534\">Bruno Retailleau<\/strong> a estim\u00e9 que le texte pr\u00e9sent\u00e9 par le gouvernement de <strong data-start=\"589\" data-end=\"610\">S\u00e9bastien Lecornu<\/strong>\u00e9tait, \u00ab en l\u2019\u00e9tat \u00bb, impossible \u00e0 soutenir pour la droite. Il pr\u00e9vient que son parti \u00ab n\u2019exclut aucune option \u00bb, y compris celle d\u2019une <strong data-start=\"747\" data-end=\"768\">motion de censure<\/strong>.<\/p>\n<h4 data-start=\"773\" data-end=\"806\">Une fracture avec l\u2019ex\u00e9cutif<\/h4>\n<p data-start=\"808\" data-end=\"1446\">Tr\u00e8s critique \u00e0 l\u2019\u00e9gard du Premier ministre, Bruno Retailleau reproche \u00e0 l\u2019ex\u00e9cutif de \u00ab faire payer aux Fran\u00e7ais le prix de ses erreurs et de ses renoncements \u00bb. Selon lui, le budget 2026 traduirait une d\u00e9rive \u00ab socialiste \u00bb qui s\u2019\u00e9loigne des engagements de rigueur et de ma\u00eetrise de la d\u00e9pense publique.<br data-start=\"1113\" data-end=\"1116\" \/>Le s\u00e9nateur de Vend\u00e9e d\u00e9nonce particuli\u00e8rement la <strong data-start=\"1166\" data-end=\"1208\">suspension de la r\u00e9forme des retraites<\/strong>, annonc\u00e9e mardi par S\u00e9bastien Lecornu, qu\u2019il consid\u00e8re comme un \u00ab signal catastrophique \u00bb. Pour le patron de LR, ce recul symbolise \u00ab un abandon de toute coh\u00e9rence budg\u00e9taire \u00bb et marque la fin des ambitions de r\u00e9forme du gouvernement.<\/p>\n<h4 data-start=\"1448\" data-end=\"1487\">\u00ab Nous nous battrons pied \u00e0 pied \u00bb<\/h4>\n<p data-start=\"1489\" data-end=\"2011\">Bruno Retailleau insiste toutefois sur sa volont\u00e9 d\u2019agir en amont d\u2019un \u00e9ventuel affrontement parlementaire. \u00ab Si rien ne change, Les R\u00e9publicains voteront contre. Mais nous nous battrons pied \u00e0 pied pour modifier le texte \u00bb, a-t-il assur\u00e9.<br data-start=\"1728\" data-end=\"1731\" \/>Revenant sur sa d\u00e9mission du gouvernement quelques mois plus t\u00f4t, le chef de file des R\u00e9publicains revendique \u00ab une rupture salutaire \u00bb : \u00ab Je ne pouvais pas cautionner un projet qui ressemblait davantage \u00e0 une d\u00e9claration d\u2019un ministre socialiste qu\u2019\u00e0 un programme de droite. \u00bb<\/p>\n<h4 data-start=\"2013\" data-end=\"2050\">Sur Macron et l\u2019avenir politique<\/h4>\n<p data-start=\"2052\" data-end=\"2505\">Interrog\u00e9 sur l\u2019\u00e9ventualit\u00e9 d\u2019un d\u00e9part du chef de l\u2019\u00c9tat, Bruno Retailleau se garde d\u2019alimenter le d\u00e9bat sur une \u00e9ventuelle <strong data-start=\"2177\" data-end=\"2208\">d\u00e9mission d\u2019Emmanuel Macron<\/strong>. \u00ab Ce n\u2019est pas \u00e0 moi d\u2019appeler \u00e0 son d\u00e9part. Ce serait un pr\u00e9c\u00e9dent dangereux pour la stabilit\u00e9 institutionnelle \u00bb, a-t-il estim\u00e9, tout en jugeant \u00ab in\u00e9vitable \u00bb un retour aux urnes d\u2019ici la fin du quinquennat, sous une forme ou une autre : dissolution, r\u00e9f\u00e9rendum ou d\u00e9mission pr\u00e9sidentielle.<\/p>\n<h4 data-start=\"2507\" data-end=\"2537\">Pas d\u2019alliance avec le RN<\/h4>\n<p data-start=\"2539\" data-end=\"2921\">Enfin, le s\u00e9nateur met une nouvelle fois \u00e0 distance les appels du pied d\u2019<strong data-start=\"2612\" data-end=\"2627\">\u00c9ric Ciotti<\/strong>, d\u00e9sormais alli\u00e9 au Rassemblement national. Il rejette toute \u00ab union des droites par les appareils \u00bb et affirme que \u00ab la seule union valable est celle des \u00e9lecteurs autour d\u2019id\u00e9es claires \u00bb. \u00ab Si la droite se perd dans des combinaisons politiciennes, elle signe sa disparition \u00bb, conclut-il.<\/p>\n","protected":false},"excerpt":{"rendered":"<p>Le climat politique continue de se tendre autour du projet de loi de finances 2026. Dans un entretien accord\u00e9 au Figaro, le pr\u00e9sident des R\u00e9publicains Bruno Retailleau a estim\u00e9 que le texte pr\u00e9sent\u00e9 par le gouvernement de S\u00e9bastien Lecornu\u00e9tait, \u00ab en l\u2019\u00e9tat \u00bb, impossible \u00e0 soutenir pour la droite. Il pr\u00e9vient que son parti \u00ab [&hellip;]<\/p>\n","protected":false},"author":1,"featured_media":801,"comment_status":"closed","ping_status":"open","sticky":false,"template":"","format":"standard","meta":{"_jetpack_memberships_contains_paid_content":false,"footnotes":""},"categories":[25],"tags":[],"class_list":["post-867","post","type-post","status-publish","format-standard","has-post-thumbnail","hentry","category-la-une"],"jetpack_featured_media_url":"https:\/\/info-politique.fr\/wp-content\/uploads\/2025\/05\/Capture-decran-2025-05-19-a-14.40.21.png","jetpack_sharing_enabled":true,"_links":{"self":[{"href":"https:\/\/info-politique.fr\/index.php\/wp-json\/wp\/v2\/posts\/867","targetHints":{"allow":["GET"]}}],"collection":[{"href":"https:\/\/info-politique.fr\/index.php\/wp-json\/wp\/v2\/posts"}],"about":[{"href":"https:\/\/info-politique.fr\/index.php\/wp-json\/wp\/v2\/types\/post"}],"author":[{"embeddable":true,"href":"https:\/\/info-politique.fr\/index.php\/wp-json\/wp\/v2\/users\/1"}],"replies":[{"embeddable":true,"href":"https:\/\/info-politique.fr\/index.php\/wp-json\/wp\/v2\/comments?post=867"}],"version-history":[{"count":1,"href":"https:\/\/info-politique.fr\/index.php\/wp-json\/wp\/v2\/posts\/867\/revisions"}],"predecessor-version":[{"id":868,"href":"https:\/\/info-politique.fr\/index.php\/wp-json\/wp\/v2\/posts\/867\/revisions\/868"}],"wp:featuredmedia":[{"embeddable":true,"href":"https:\/\/info-politique.fr\/index.php\/wp-json\/wp\/v2\/media\/801"}],"wp:attachment":[{"href":"https:\/\/info-politique.fr\/index.php\/wp-json\/wp\/v2\/media?parent=867"}],"wp:term":[{"taxonomy":"category","embeddable":true,"href":"https:\/\/info-politique.fr\/index.php\/wp-json\/wp\/v2\/categories?post=867"},{"taxonomy":"post_tag","embeddable":true,"href":"https:\/\/info-politique.fr\/index.php\/wp-json\/wp\/v2\/tags?post=867"}],"curies":[{"name":"wp","href":"https:\/\/api.w.org\/{rel}","templated":true}]}}