{"id":875,"date":"2025-11-20T11:45:11","date_gmt":"2025-11-20T10:45:11","guid":{"rendered":"https:\/\/info-politique.fr\/?p=875"},"modified":"2025-11-20T11:45:11","modified_gmt":"2025-11-20T10:45:11","slug":"presidentielle-2027-la-gauche-anti-melenchon-est-elle-lancee-dans-une-mission-impossible","status":"publish","type":"post","link":"https:\/\/info-politique.fr\/index.php\/2025\/11\/20\/presidentielle-2027-la-gauche-anti-melenchon-est-elle-lancee-dans-une-mission-impossible\/","title":{"rendered":"Pr\u00e9sidentielle 2027 : La gauche anti-M\u00e9lenchon est-elle lanc\u00e9e dans une mission impossible ?"},"content":{"rendered":"<p data-start=\"251\" data-end=\"636\"><em data-start=\"251\" data-end=\"340\">\u00c0 mesure que 2027 se rapproche, les tensions s\u2019exacerbent au sein du camp progressiste.<\/em><br data-start=\"340\" data-end=\"343\" \/>Alors que Jean-Luc M\u00e9lenchon semble se diriger sans ambigu\u00eft\u00e9 vers une nouvelle candidature \u00e0 l\u2019\u00e9lection pr\u00e9sidentielle, les autres forces de gauche peinent toujours \u00e0 d\u00e9finir une strat\u00e9gie commune. Et les tentatives de s\u2019organiser ressemblent, aux yeux de beaucoup, \u00e0 une \u00e9quation impossible.<\/p>\n<h3 data-start=\"638\" data-end=\"681\">Une candidature M\u00e9lenchon quasi-acquise<\/h3>\n<p data-start=\"683\" data-end=\"1093\">Dans les rangs de La France insoumise, l\u2019affaire para\u00eet entendue : le tribun des pr\u00e9c\u00e9dentes campagnes pr\u00e9sidentielles se positionne d\u00e9j\u00e0 comme le candidat naturel de son mouvement. Les insoumis disposent d\u2019\u00e9quipes rod\u00e9es, d\u2019une base militante structur\u00e9e et d\u2019une visibilit\u00e9 m\u00e9diatique acquise au fil des scrutins pass\u00e9s. De quoi rendre particuli\u00e8rement difficile l\u2019\u00e9mergence d\u2019une figure alternative \u00e0 gauche.<\/p>\n<p data-start=\"1095\" data-end=\"1526\">\u00ab M\u00e9lenchon a install\u00e9 une puissance de feu impressionnante \u00bb, reconna\u00eet un d\u00e9put\u00e9 socialiste. Avec pr\u00e8s de 20 % des voix en 2017 puis plus de 21 % en 2022, le leader insoumis continue de polariser le vote de gauche. Reste que certains \u00e9lus assurent que son poids politique est en partie li\u00e9 \u00e0 l\u2019absence d\u2019autres candidats jug\u00e9s cr\u00e9dibles lors des pr\u00e9c\u00e9dentes \u00e9ch\u00e9ances. Selon eux, le contexte pourrait \u00eatre bien diff\u00e9rent en 2027.<\/p>\n<h3 data-start=\"1528\" data-end=\"1576\">Une gauche r\u00e9formiste en qu\u00eate d\u2019incarnation<\/h3>\n<p data-start=\"1578\" data-end=\"2007\">Face \u00e0 cette domination, les autres composantes du camp progressiste tentent de s&#8217;organiser. Rapha\u00ebl Glucksmann, tr\u00e8s critique envers M\u00e9lenchon, ne cache plus sa volont\u00e9 de porter une ligne sociale-d\u00e9mocrate assum\u00e9e. Lors d\u2019un d\u00e9placement r\u00e9cent en \u00cele-de-France, il s\u2019est affich\u00e9 avec des figures de la gauche r\u00e9formiste, dont Fran\u00e7ois Hollande et Bernard Cazeneuve, dans une d\u00e9monstration d\u2019unit\u00e9 autour d\u2019un projet alternatif.<\/p>\n<p data-start=\"2009\" data-end=\"2316\">Parall\u00e8lement, Olivier Faure et Marine Tondelier, rejoints par Fran\u00e7ois Ruffin et d\u2019autres responsables politiques, d\u00e9fendent l\u2019id\u00e9e d\u2019un rassemblement capable de d\u00e9passer les clivages internes. Leur conviction : seule une candidature commune pourrait emp\u00eacher la gauche d\u2019\u00eatre \u00e9limin\u00e9e d\u00e8s le premier tour.<\/p>\n<h3 data-start=\"2318\" data-end=\"2344\">Une primaire\u2026 ou pas ?<\/h3>\n<p data-start=\"2346\" data-end=\"2595\">Socialistes et \u00e9cologistes ont m\u00eame fix\u00e9 un cap : une primaire \u00e0 l\u2019automne 2026 pour d\u00e9signer un candidat unique. Un petit s\u00e9isme dans un paysage fragment\u00e9. Mais encore faut-il que tous acceptent d\u2019y participer. Et c\u2019est l\u00e0 que la machine se grippe.<\/p>\n<p data-start=\"2597\" data-end=\"2951\">Glucksmann rejette cat\u00e9goriquement l\u2019id\u00e9e d\u2019une primaire. Ses proches estiment qu\u2019il serait illogique de se plier \u00e0 un processus susceptible d\u2019investir un candidat d\u00e9fendant une orientation politique incompatible avec la leur. \u00ab On ne va pas laisser croire qu\u2019on pourrait soutenir quelqu\u2019un dont on combat les id\u00e9es \u00bb, tranche un membre de son entourage.<\/p>\n<p data-start=\"2953\" data-end=\"3324\">Ce refus fragilise d\u2019embl\u00e9e le projet de primaire, d\u2019autant qu\u2019il concerne l\u2019un des pr\u00e9tendants les mieux plac\u00e9s dans les sondages. Au Parti socialiste, la d\u00e9cision d\u2019Olivier Faure d\u2019y participer fait d\u2019ailleurs grincer des dents : certains cadres d\u00e9noncent une initiative prise sans v\u00e9ritable consultation interne, renvoyant la balle aux militants apr\u00e8s les municipales.<\/p>\n<h3 data-start=\"3326\" data-end=\"3387\">Une course o\u00f9 il n\u2019y aura pas de place pour tout le monde<\/h3>\n<p data-start=\"3389\" data-end=\"3788\">\u00c0 moins de deux ans de la pr\u00e9sidentielle, les incertitudes demeurent nombreuses. Alliances, calendrier, lignes programmatiques : rien n\u2019est stabilis\u00e9. Plusieurs \u00e9lus reconnaissent en priv\u00e9 que la gauche ne pourra envoyer au premier tour qu\u2019une seule candidature capable de rivaliser avec la droite et l\u2019extr\u00eame droite. Et pour l\u2019heure, Jean-Luc M\u00e9lenchon est le seul \u00e0 occuper pleinement cet espace.<\/p>\n<p data-start=\"3790\" data-end=\"4077\">\u00ab En dehors de lui, il ne pourra pas y avoir deux candidats s\u00e9rieux \u00bb, confie un responsable socialiste. De quoi laisser penser que, si la gauche veut peser en 2027, elle devra d\u2019abord r\u00e9soudre ses contradictions internes. Une mission qui, pour l&#8217;instant, ressemble fort \u00e0 un casse-t\u00eate.<\/p>\n","protected":false},"excerpt":{"rendered":"<p>\u00c0 mesure que 2027 se rapproche, les tensions s\u2019exacerbent au sein du camp progressiste.Alors que Jean-Luc M\u00e9lenchon semble se diriger sans ambigu\u00eft\u00e9 vers une nouvelle candidature \u00e0 l\u2019\u00e9lection pr\u00e9sidentielle, les autres forces de gauche peinent toujours \u00e0 d\u00e9finir une strat\u00e9gie commune. Et les tentatives de s\u2019organiser ressemblent, aux yeux de beaucoup, \u00e0 une \u00e9quation impossible. [&hellip;]<\/p>\n","protected":false},"author":1,"featured_media":353,"comment_status":"closed","ping_status":"open","sticky":false,"template":"","format":"standard","meta":{"_jetpack_memberships_contains_paid_content":false,"footnotes":""},"categories":[25],"tags":[],"class_list":["post-875","post","type-post","status-publish","format-standard","has-post-thumbnail","hentry","category-la-une"],"jetpack_featured_media_url":"https:\/\/info-politique.fr\/wp-content\/uploads\/2023\/08\/Capture-decran-2023-08-11-a-10.49.23.png","jetpack_sharing_enabled":true,"_links":{"self":[{"href":"https:\/\/info-politique.fr\/index.php\/wp-json\/wp\/v2\/posts\/875","targetHints":{"allow":["GET"]}}],"collection":[{"href":"https:\/\/info-politique.fr\/index.php\/wp-json\/wp\/v2\/posts"}],"about":[{"href":"https:\/\/info-politique.fr\/index.php\/wp-json\/wp\/v2\/types\/post"}],"author":[{"embeddable":true,"href":"https:\/\/info-politique.fr\/index.php\/wp-json\/wp\/v2\/users\/1"}],"replies":[{"embeddable":true,"href":"https:\/\/info-politique.fr\/index.php\/wp-json\/wp\/v2\/comments?post=875"}],"version-history":[{"count":1,"href":"https:\/\/info-politique.fr\/index.php\/wp-json\/wp\/v2\/posts\/875\/revisions"}],"predecessor-version":[{"id":876,"href":"https:\/\/info-politique.fr\/index.php\/wp-json\/wp\/v2\/posts\/875\/revisions\/876"}],"wp:featuredmedia":[{"embeddable":true,"href":"https:\/\/info-politique.fr\/index.php\/wp-json\/wp\/v2\/media\/353"}],"wp:attachment":[{"href":"https:\/\/info-politique.fr\/index.php\/wp-json\/wp\/v2\/media?parent=875"}],"wp:term":[{"taxonomy":"category","embeddable":true,"href":"https:\/\/info-politique.fr\/index.php\/wp-json\/wp\/v2\/categories?post=875"},{"taxonomy":"post_tag","embeddable":true,"href":"https:\/\/info-politique.fr\/index.php\/wp-json\/wp\/v2\/tags?post=875"}],"curies":[{"name":"wp","href":"https:\/\/api.w.org\/{rel}","templated":true}]}}