{"id":879,"date":"2025-12-22T13:37:02","date_gmt":"2025-12-22T12:37:02","guid":{"rendered":"https:\/\/info-politique.fr\/?p=879"},"modified":"2025-12-22T13:39:05","modified_gmt":"2025-12-22T12:39:05","slug":"budget-sebastien-lecornu-envisage-une-loi-speciale-en-cas-dechec","status":"publish","type":"post","link":"https:\/\/info-politique.fr\/index.php\/2025\/12\/22\/budget-sebastien-lecornu-envisage-une-loi-speciale-en-cas-dechec\/","title":{"rendered":"Budget : S\u00e9bastien Lecornu envisage une loi sp\u00e9ciale en cas d\u2019\u00e9chec"},"content":{"rendered":"<p data-start=\"280\" data-end=\"424\"><strong data-start=\"280\" data-end=\"424\">Le gouvernement esp\u00e8re toujours un compromis entre d\u00e9put\u00e9s et s\u00e9nateurs avant la fin de l\u2019ann\u00e9e, mais la tension reste palpable.<\/strong><\/p>\n<p data-start=\"426\" data-end=\"792\">Le compte \u00e0 rebours pour l\u2019adoption du budget de l\u2019\u00c9tat s\u2019acc\u00e9l\u00e8re, et la t\u00e2che s\u2019annonce \u00ab\u202fcolossale\u202f\u00bb, selon le ministre charg\u00e9 du dossier, S\u00e9bastien Lecornu. Avec des d\u00e9put\u00e9s de gauche r\u00e9clamant de nouvelles recettes fiscales et un S\u00e9nat \u00e0 majorit\u00e9 de droite r\u00e9clamant des \u00e9conomies drastiques, parvenir \u00e0 un accord avant le 31 d\u00e9cembre semble plus que d\u00e9licat.<\/p>\n<p data-start=\"794\" data-end=\"1122\">Face \u00e0 ces divergences, le ministre a insist\u00e9 sur la n\u00e9cessit\u00e9 d\u2019une meilleure communication entre les parlementaires et d\u2019un dialogue plus clair afin de d\u00e9bloquer la situation. \u00ab\u202fIl va falloir que les gens se parlent davantage\u202f\u00bb, a-t-il soulign\u00e9, rappelant que le temps presse pour finaliser le budget dans les d\u00e9lais l\u00e9gaux.<\/p>\n<p data-start=\"1124\" data-end=\"1509\">En cas d\u2019\u00e9chec de la commission mixte paritaire (CMP), S\u00e9bastien Lecornu n\u2019exclut pas le recours \u00e0 une loi sp\u00e9cifique pour garantir la continuit\u00e9 financi\u00e8re de l\u2019\u00c9tat. Il a en outre d\u00e9nonc\u00e9 la \u00ab\u202fradicalit\u00e9 d\u2019une partie du groupe Les R\u00e9publicains au S\u00e9nat\u202f\u00bb, qu\u2019il juge motiv\u00e9e par des consid\u00e9rations purement politiciennes et susceptible de compromettre la r\u00e9ussite des n\u00e9gociations.<\/p>\n<p data-start=\"1511\" data-end=\"1845\">Ce conclave \u00e0 huis clos est per\u00e7u comme le dernier espoir de trouver un terrain d\u2019entente. Si la CMP parvient \u00e0 adopter un texte commun, celui-ci sera ensuite pr\u00e9sent\u00e9 pour approbation aux deux chambres d\u00e8s mardi. \u00c0 d\u00e9faut, les discussions devraient reprendre en janvier, apr\u00e8s la mise en place d\u2019un dispositif l\u00e9gislatif d\u2019urgence.<\/p>\n<h3 data-start=\"1847\" data-end=\"1899\">Des tensions palpables entre les deux chambres<\/h3>\n<p data-start=\"1901\" data-end=\"2300\">Les \u00e9changes entre les rapporteurs g\u00e9n\u00e9raux du budget t\u00e9moignent d\u00e9j\u00e0 de la difficult\u00e9 de la mission. Du c\u00f4t\u00e9 de l\u2019Assembl\u00e9e nationale, le groupe socialiste a pos\u00e9 ses conditions : obtenir au moins 10 milliards d\u2019euros suppl\u00e9mentaires afin de limiter certaines coupes dans les services publics et les investissements \u00e9cologiques, condition sine qua non pour une \u00e9ventuelle abstention sur le texte.<\/p>\n<p data-start=\"2302\" data-end=\"2626\">Au S\u00e9nat, le groupe LR a multipli\u00e9 les interpellations de l\u2019ex\u00e9cutif lors d\u2019une s\u00e9ance de questions au gouvernement marqu\u00e9e par une rare tension dans l\u2019h\u00e9micycle. La chambre haute, habituellement plus polic\u00e9e que l\u2019Assembl\u00e9e, a ainsi montr\u00e9 que la bataille budg\u00e9taire pourrait se prolonger si aucun compromis n\u2019est trouv\u00e9.<\/p>\n","protected":false},"excerpt":{"rendered":"<p>Le gouvernement esp\u00e8re toujours un compromis entre d\u00e9put\u00e9s et s\u00e9nateurs avant la fin de l\u2019ann\u00e9e, mais la tension reste palpable. Le compte \u00e0 rebours pour l\u2019adoption du budget de l\u2019\u00c9tat s\u2019acc\u00e9l\u00e8re, et la t\u00e2che s\u2019annonce \u00ab\u202fcolossale\u202f\u00bb, selon le ministre charg\u00e9 du dossier, S\u00e9bastien Lecornu. Avec des d\u00e9put\u00e9s de gauche r\u00e9clamant de nouvelles recettes fiscales et [&hellip;]<\/p>\n","protected":false},"author":1,"featured_media":846,"comment_status":"closed","ping_status":"open","sticky":false,"template":"","format":"standard","meta":{"_jetpack_memberships_contains_paid_content":false,"footnotes":""},"categories":[25],"tags":[],"class_list":["post-879","post","type-post","status-publish","format-standard","has-post-thumbnail","hentry","category-la-une"],"jetpack_featured_media_url":"https:\/\/info-politique.fr\/wp-content\/uploads\/2025\/09\/Capture-decran-2025-09-11-a-13.41.32.png","jetpack_sharing_enabled":true,"_links":{"self":[{"href":"https:\/\/info-politique.fr\/index.php\/wp-json\/wp\/v2\/posts\/879","targetHints":{"allow":["GET"]}}],"collection":[{"href":"https:\/\/info-politique.fr\/index.php\/wp-json\/wp\/v2\/posts"}],"about":[{"href":"https:\/\/info-politique.fr\/index.php\/wp-json\/wp\/v2\/types\/post"}],"author":[{"embeddable":true,"href":"https:\/\/info-politique.fr\/index.php\/wp-json\/wp\/v2\/users\/1"}],"replies":[{"embeddable":true,"href":"https:\/\/info-politique.fr\/index.php\/wp-json\/wp\/v2\/comments?post=879"}],"version-history":[{"count":1,"href":"https:\/\/info-politique.fr\/index.php\/wp-json\/wp\/v2\/posts\/879\/revisions"}],"predecessor-version":[{"id":880,"href":"https:\/\/info-politique.fr\/index.php\/wp-json\/wp\/v2\/posts\/879\/revisions\/880"}],"wp:featuredmedia":[{"embeddable":true,"href":"https:\/\/info-politique.fr\/index.php\/wp-json\/wp\/v2\/media\/846"}],"wp:attachment":[{"href":"https:\/\/info-politique.fr\/index.php\/wp-json\/wp\/v2\/media?parent=879"}],"wp:term":[{"taxonomy":"category","embeddable":true,"href":"https:\/\/info-politique.fr\/index.php\/wp-json\/wp\/v2\/categories?post=879"},{"taxonomy":"post_tag","embeddable":true,"href":"https:\/\/info-politique.fr\/index.php\/wp-json\/wp\/v2\/tags?post=879"}],"curies":[{"name":"wp","href":"https:\/\/api.w.org\/{rel}","templated":true}]}}