{"id":885,"date":"2025-12-22T13:49:42","date_gmt":"2025-12-22T12:49:42","guid":{"rendered":"https:\/\/info-politique.fr\/?p=885"},"modified":"2025-12-22T13:49:42","modified_gmt":"2025-12-22T12:49:42","slug":"presidentielle-moscovici-attaque-melenchon-meilleur-allie-selon-lui-du-rn-pour-2027","status":"publish","type":"post","link":"https:\/\/info-politique.fr\/index.php\/2025\/12\/22\/presidentielle-moscovici-attaque-melenchon-meilleur-allie-selon-lui-du-rn-pour-2027\/","title":{"rendered":"Pr\u00e9sidentielle : Moscovici attaque M\u00e9lenchon, \u00ab meilleur alli\u00e9 \u00bb, selon lui, du RN pour 2027"},"content":{"rendered":"<p data-start=\"383\" data-end=\"868\">Pierre Moscovici, ancien commissaire europ\u00e9en et prochain ex-Pr\u00e9sident de la Cour des comptes, n\u2019a pas \u00e9pargn\u00e9 Jean-Luc M\u00e9lenchon ce week-end. Lors du Grand Jury RTL-Public S\u00e9nat-Le Figaro-M6, il a estim\u00e9 que le chef de file des Insoumis serait incapable de rivaliser avec Marine Le Pen ou Jordan Bardella en cas de second tour de l\u2019\u00e9lection pr\u00e9sidentielle. \u00ab\u202fIl serait \u00e9cras\u00e9 et, de ce fait, il devient involontairement le meilleur alli\u00e9 du Rassemblement national\u202f\u00bb, a-t-il d\u00e9clar\u00e9.<\/p>\n<p data-start=\"870\" data-end=\"1324\">L\u2019ancien ministre, jadis compagnon de route de M\u00e9lenchon au sein du Parti socialiste, a \u00e9galement critiqu\u00e9 ses prises de position jug\u00e9es provocatrices et la gestion de certaines tensions internes \u00e0 LFI. \u00ab\u202fIl y a des sujets sur lesquels ses propos me d\u00e9plaisent profond\u00e9ment, mais ce qui est certain, c\u2019est qu\u2019il ne peut pas l\u2019emporter\u202f\u00bb, a insist\u00e9 Moscovici, pointant dans le m\u00eame temps la position actuelle favorable du RN dans les intentions de vote.<\/p>\n<h3 data-start=\"1326\" data-end=\"1361\">Une gauche en qu\u00eate de leader<\/h3>\n<p data-start=\"1363\" data-end=\"1746\">Face \u00e0 ce que Moscovici qualifie de \u00ab bloc solide \u00bb du Rassemblement national, il d\u00e9plore l\u2019absence d\u2019une alternative cr\u00e9dible \u00e0 gauche. Selon lui, les partis progressistes peinent \u00e0 se structurer et \u00e0 proposer un candidat capable de rassembler. \u00ab\u202fLe front r\u00e9publicain n\u2019existe plus et les partis ont un \u00e9norme travail \u00e0 accomplir pour retrouver de la coh\u00e9rence\u202f\u00bb, a-t-il soulign\u00e9.<\/p>\n<p data-start=\"1748\" data-end=\"2057\">Dans ce contexte, Rapha\u00ebl Glucksmann appara\u00eet, aux yeux de Moscovici, comme le mieux plac\u00e9 pour s\u00e9duire les \u00e9lecteurs orphelins de la social-d\u00e9mocratie. Mais l\u2019eurod\u00e9put\u00e9, pr\u00e9vient l\u2019ancien ministre, doit encore \u00e9toffer son programme et consolider son offre politique pour pr\u00e9tendre rassembler efficacement.<\/p>\n","protected":false},"excerpt":{"rendered":"<p>Pierre Moscovici, ancien commissaire europ\u00e9en et prochain ex-Pr\u00e9sident de la Cour des comptes, n\u2019a pas \u00e9pargn\u00e9 Jean-Luc M\u00e9lenchon ce week-end. Lors du Grand Jury RTL-Public S\u00e9nat-Le Figaro-M6, il a estim\u00e9 que le chef de file des Insoumis serait incapable de rivaliser avec Marine Le Pen ou Jordan Bardella en cas de second tour de l\u2019\u00e9lection [&hellip;]<\/p>\n","protected":false},"author":1,"featured_media":731,"comment_status":"closed","ping_status":"open","sticky":false,"template":"","format":"standard","meta":{"_jetpack_memberships_contains_paid_content":false,"footnotes":""},"categories":[25],"tags":[],"class_list":["post-885","post","type-post","status-publish","format-standard","has-post-thumbnail","hentry","category-la-une"],"jetpack_featured_media_url":"https:\/\/info-politique.fr\/wp-content\/uploads\/2025\/01\/Capture-decran-2025-01-21-a-13.07.58.png","jetpack_sharing_enabled":true,"_links":{"self":[{"href":"https:\/\/info-politique.fr\/index.php\/wp-json\/wp\/v2\/posts\/885","targetHints":{"allow":["GET"]}}],"collection":[{"href":"https:\/\/info-politique.fr\/index.php\/wp-json\/wp\/v2\/posts"}],"about":[{"href":"https:\/\/info-politique.fr\/index.php\/wp-json\/wp\/v2\/types\/post"}],"author":[{"embeddable":true,"href":"https:\/\/info-politique.fr\/index.php\/wp-json\/wp\/v2\/users\/1"}],"replies":[{"embeddable":true,"href":"https:\/\/info-politique.fr\/index.php\/wp-json\/wp\/v2\/comments?post=885"}],"version-history":[{"count":1,"href":"https:\/\/info-politique.fr\/index.php\/wp-json\/wp\/v2\/posts\/885\/revisions"}],"predecessor-version":[{"id":886,"href":"https:\/\/info-politique.fr\/index.php\/wp-json\/wp\/v2\/posts\/885\/revisions\/886"}],"wp:featuredmedia":[{"embeddable":true,"href":"https:\/\/info-politique.fr\/index.php\/wp-json\/wp\/v2\/media\/731"}],"wp:attachment":[{"href":"https:\/\/info-politique.fr\/index.php\/wp-json\/wp\/v2\/media?parent=885"}],"wp:term":[{"taxonomy":"category","embeddable":true,"href":"https:\/\/info-politique.fr\/index.php\/wp-json\/wp\/v2\/categories?post=885"},{"taxonomy":"post_tag","embeddable":true,"href":"https:\/\/info-politique.fr\/index.php\/wp-json\/wp\/v2\/tags?post=885"}],"curies":[{"name":"wp","href":"https:\/\/api.w.org\/{rel}","templated":true}]}}