{"id":891,"date":"2026-01-02T18:49:04","date_gmt":"2026-01-02T17:49:04","guid":{"rendered":"https:\/\/info-politique.fr\/?p=891"},"modified":"2026-01-02T18:53:30","modified_gmt":"2026-01-02T17:53:30","slug":"jordan-bardella-peut-gagner-a-ma-place-en-2027-estime-marine-le-pen","status":"publish","type":"post","link":"https:\/\/info-politique.fr\/index.php\/2026\/01\/02\/jordan-bardella-peut-gagner-a-ma-place-en-2027-estime-marine-le-pen\/","title":{"rendered":"Jordan Bardella \u00ab peut gagner \u00e0 ma place \u00bb en 2027, estime Marine Le Pen"},"content":{"rendered":"<p data-start=\"211\" data-end=\"608\">\u00c0 deux ans de l\u2019\u00e9ch\u00e9ance pr\u00e9sidentielle, les lignes commencent d\u00e9j\u00e0 \u00e0 bouger au Rassemblement national. Marine Le Pen a ouvertement envisag\u00e9, ce dimanche dans les colonnes de <em data-start=\"386\" data-end=\"407\">La Tribune Dimanche<\/em>, l\u2019hypoth\u00e8se d\u2019une candidature de Jordan Bardella pour 2027, estimant que le pr\u00e9sident du RN dispose de la stature n\u00e9cessaire pour l\u2019emporter, y compris si elle-m\u00eame devait \u00eatre emp\u00each\u00e9e de concourir.<\/p>\n<p data-start=\"610\" data-end=\"1000\">Actuellement fragilis\u00e9e par sa condamnation dans le dossier des assistants parlementaires europ\u00e9ens du Front national, la cheffe de file des d\u00e9put\u00e9s RN a reconnu que le combat politique pouvait prendre \u00ab diff\u00e9rentes formes \u00bb. Sans annoncer un retrait, elle a insist\u00e9 sur la p\u00e9rennit\u00e9 de son courant politique, affirmant que les id\u00e9es port\u00e9es par son camp survivraient au-del\u00e0 des personnes.<\/p>\n<p data-start=\"1002\" data-end=\"1498\">Un soutien appuy\u00e9 au pr\u00e9sident du RN<br data-start=\"1038\" data-end=\"1041\" \/>Face aux critiques visant le manque d\u2019exp\u00e9rience de Jordan Bardella, \u00e2g\u00e9 de 30 ans, Marine Le Pen a livr\u00e9 une d\u00e9fense vigoureuse. Elle a d\u00e9nonc\u00e9 ce qu\u2019elle consid\u00e8re comme une entreprise de discr\u00e9dit ciblant le jeune dirigeant, soulignant son parcours militant de longue date et sa connaissance des r\u00e9alit\u00e9s politiques. Une mani\u00e8re, aussi, de r\u00e9pondre par contraste aux d\u00e9buts d\u2019Emmanuel Macron, qu\u2019elle jugeait \u00e0 l\u2019\u00e9poque bien moins \u00e9prouv\u00e9 par le terrain.<\/p>\n<p data-start=\"1500\" data-end=\"1960\">L\u2019ombre de la justice plane toutefois sur l\u2019avenir personnel de Marine Le Pen. Condamn\u00e9e en premi\u00e8re instance \u00e0 quatre ans de prison, dont deux ferme, assortis d\u2019une lourde amende et d\u2019une peine d\u2019in\u00e9ligibilit\u00e9 imm\u00e9diate de cinq ans, elle sera rejug\u00e9e en appel entre mi-janvier et mi-f\u00e9vrier. Une sanction qui compromet s\u00e9rieusement ses ambitions pr\u00e9sidentielles et qu\u2019elle a compar\u00e9e \u00e0 une mise \u00e0 mort politique, \u00e9voquant une forme de \u00ab violence judiciaire \u00bb.<\/p>\n<p data-start=\"1962\" data-end=\"2409\">Charge contre l\u2019ex\u00e9cutif<br data-start=\"1986\" data-end=\"1989\" \/>Sur le plan institutionnel, la dirigeante du RN s\u2019est montr\u00e9e particuli\u00e8rement s\u00e9v\u00e8re envers Emmanuel Macron. Elle estime que la crise politique actuelle aurait d\u00fb conduire \u00e0 une nouvelle consultation \u00e9lectorale et accuse le chef de l\u2019\u00c9tat de s\u2019accrocher au pouvoir en contradiction avec l\u2019esprit des institutions gaulliennes. Selon elle, le refus de dissoudre l\u2019Assembl\u00e9e nationale serait \u00e0 l\u2019origine du blocage actuel.<\/p>\n<p data-start=\"2411\" data-end=\"2931\">La loi sp\u00e9ciale r\u00e9cemment adopt\u00e9e pour pallier l\u2019absence de budget n\u2019a pas davantage trouv\u00e9 gr\u00e2ce \u00e0 ses yeux. Marine Le Pen y voit un exp\u00e9dient trompeur et d\u00e9nonce une situation de d\u00e9pendance politique du gouvernement \u00e0 l\u2019\u00e9gard du Parti socialiste, qu\u2019elle juge marginal \u00e9lectoralement. Appelant \u00e0 un retour rapide aux urnes, elle a enfin \u00e9voqu\u00e9 la possibilit\u00e9 de saisir le Conseil constitutionnel en cas de dissolution, rappelant son r\u00f4le central dans la validation des candidatures pr\u00e9sidentielles en p\u00e9riode de crise.<\/p>\n<p data-start=\"2933\" data-end=\"3150\" data-is-last-node=\"\" data-is-only-node=\"\">\u00c0 travers ces prises de position, Marine Le Pen esquisse d\u00e9j\u00e0 un sc\u00e9nario de transition, tout en maintenant la pression sur l\u2019ex\u00e9cutif et en installant Jordan Bardella comme une alternative cr\u00e9dible pour l\u2019apr\u00e8s-2027.<\/p>\n","protected":false},"excerpt":{"rendered":"<p>\u00c0 deux ans de l\u2019\u00e9ch\u00e9ance pr\u00e9sidentielle, les lignes commencent d\u00e9j\u00e0 \u00e0 bouger au Rassemblement national. Marine Le Pen a ouvertement envisag\u00e9, ce dimanche dans les colonnes de La Tribune Dimanche, l\u2019hypoth\u00e8se d\u2019une candidature de Jordan Bardella pour 2027, estimant que le pr\u00e9sident du RN dispose de la stature n\u00e9cessaire pour l\u2019emporter, y compris si elle-m\u00eame [&hellip;]<\/p>\n","protected":false},"author":1,"featured_media":255,"comment_status":"closed","ping_status":"open","sticky":false,"template":"","format":"standard","meta":{"_jetpack_memberships_contains_paid_content":false,"footnotes":""},"categories":[25],"tags":[],"class_list":["post-891","post","type-post","status-publish","format-standard","has-post-thumbnail","hentry","category-la-une"],"jetpack_featured_media_url":"https:\/\/info-politique.fr\/wp-content\/uploads\/2022\/06\/Marine-Le-Pen.jpeg","jetpack_sharing_enabled":true,"_links":{"self":[{"href":"https:\/\/info-politique.fr\/index.php\/wp-json\/wp\/v2\/posts\/891","targetHints":{"allow":["GET"]}}],"collection":[{"href":"https:\/\/info-politique.fr\/index.php\/wp-json\/wp\/v2\/posts"}],"about":[{"href":"https:\/\/info-politique.fr\/index.php\/wp-json\/wp\/v2\/types\/post"}],"author":[{"embeddable":true,"href":"https:\/\/info-politique.fr\/index.php\/wp-json\/wp\/v2\/users\/1"}],"replies":[{"embeddable":true,"href":"https:\/\/info-politique.fr\/index.php\/wp-json\/wp\/v2\/comments?post=891"}],"version-history":[{"count":1,"href":"https:\/\/info-politique.fr\/index.php\/wp-json\/wp\/v2\/posts\/891\/revisions"}],"predecessor-version":[{"id":892,"href":"https:\/\/info-politique.fr\/index.php\/wp-json\/wp\/v2\/posts\/891\/revisions\/892"}],"wp:featuredmedia":[{"embeddable":true,"href":"https:\/\/info-politique.fr\/index.php\/wp-json\/wp\/v2\/media\/255"}],"wp:attachment":[{"href":"https:\/\/info-politique.fr\/index.php\/wp-json\/wp\/v2\/media?parent=891"}],"wp:term":[{"taxonomy":"category","embeddable":true,"href":"https:\/\/info-politique.fr\/index.php\/wp-json\/wp\/v2\/categories?post=891"},{"taxonomy":"post_tag","embeddable":true,"href":"https:\/\/info-politique.fr\/index.php\/wp-json\/wp\/v2\/tags?post=891"}],"curies":[{"name":"wp","href":"https:\/\/api.w.org\/{rel}","templated":true}]}}