{"id":893,"date":"2026-01-02T18:51:38","date_gmt":"2026-01-02T17:51:38","guid":{"rendered":"https:\/\/info-politique.fr\/?p=893"},"modified":"2026-01-02T18:53:12","modified_gmt":"2026-01-02T17:53:12","slug":"lecornu-supprime-les-avantages-des-anciens-premiers-ministres-ou-presque","status":"publish","type":"post","link":"https:\/\/info-politique.fr\/index.php\/2026\/01\/02\/lecornu-supprime-les-avantages-des-anciens-premiers-ministres-ou-presque\/","title":{"rendered":"Lecornu supprime les avantages des anciens Premiers ministres\u2026 ou presque"},"content":{"rendered":"<p data-start=\"232\" data-end=\"613\">C\u2019est une petite r\u00e9volution dans les usages de la R\u00e9publique. \u00c0 compter du 1er janvier 2026, les anciens chefs de gouvernement ne b\u00e9n\u00e9ficieront plus automatiquement d\u2019un chauffeur attitr\u00e9 ni d\u2019une protection polici\u00e8re permanente. Une d\u00e9cision act\u00e9e par S\u00e9bastien Lecornu, qui entend mettre un terme \u00e0 ce qu\u2019il qualifie d\u2019avantages indus li\u00e9s \u00e0 des fonctions par nature temporaires.<\/p>\n<p data-start=\"615\" data-end=\"957\">Annonc\u00e9e d\u00e8s le mois de septembre, peu apr\u00e8s son arriv\u00e9e \u00e0 Matignon, la mesure s\u2019inscrit dans une volont\u00e9 affich\u00e9e de sobri\u00e9t\u00e9 de l\u2019\u00c9tat. Pour le Premier ministre, il n\u2019\u00e9tait plus justifiable que d\u2019anciens responsables publics conservent \u00e0 vie des dispositifs co\u00fbteux, financ\u00e9s par la collectivit\u00e9, alors m\u00eame qu\u2019ils ne sont plus en exercice.<\/p>\n<p data-start=\"959\" data-end=\"1303\">Une r\u00e9forme \u00e9tendue \u00e0 l\u2019Int\u00e9rieur<br data-start=\"992\" data-end=\"995\" \/>Les anciens ministres de l\u2019Int\u00e9rieur sont \u00e9galement concern\u00e9s par ce tour de vis. Jusqu\u2019ici, eux aussi conservaient, parfois durant de longues ann\u00e9es, chauffeurs et officiers de s\u00e9curit\u00e9. D\u00e9sormais, ces moyens ne seront accord\u00e9s que de mani\u00e8re temporaire et strictement conditionn\u00e9e \u00e0 l\u2019\u00e9valuation du risque.<\/p>\n<p data-start=\"1305\" data-end=\"1716\">Selon plusieurs sources, chaque ancien Premier ministre a r\u00e9cemment re\u00e7u un courrier personnel de S\u00e9bastien Lecornu les informant des nouvelles r\u00e8gles. Sur les r\u00e9seaux sociaux, le chef du gouvernement a pr\u00e9cis\u00e9 que la protection polici\u00e8re serait d\u00e9sormais limit\u00e9e dans le temps et renouvelable uniquement sur la base d\u2019analyses s\u00e9curitaires actualis\u00e9es. Les autres facilit\u00e9s, elles, ne seront plus automatiques.<\/p>\n<p data-start=\"1718\" data-end=\"2083\">Des effectifs red\u00e9ploy\u00e9s<br data-start=\"1742\" data-end=\"1745\" \/>Concr\u00e8tement, cette r\u00e9forme va permettre de lib\u00e9rer plusieurs dizaines d\u2019agents. Au total, 24 chauffeurs et 24 policiers affect\u00e9s \u00e0 la protection rapproch\u00e9e vont \u00eatre r\u00e9int\u00e9gr\u00e9s dans leurs services d\u2019origine. Certains de ces effectifs pourraient \u00eatre redirig\u00e9s vers des priorit\u00e9s op\u00e9rationnelles, notamment la lutte contre le narcotrafic.<\/p>\n<p data-start=\"2085\" data-end=\"2404\">Pour plusieurs anciens responsables, comme Jean-Marc Ayrault, Jean-Pierre Chev\u00e8nement ou Bruno Le Roux, cette d\u00e9cision marque un retour \u00e0 une vie sans escorte permanente. Les services de Matignon soulignent toutefois que l\u2019analyse des risques a conduit \u00e0 maintenir une protection pour un nombre limit\u00e9 de personnalit\u00e9s.<\/p>\n<p data-start=\"2406\" data-end=\"2899\">Des exceptions assum\u00e9es<br data-start=\"2429\" data-end=\"2432\" \/>Certains anciens responsables continueront en effet de b\u00e9n\u00e9ficier d\u2019un dispositif de s\u00e9curit\u00e9 renforc\u00e9. C\u2019est le cas de figures ayant exerc\u00e9 leurs fonctions dans des contextes particuli\u00e8rement sensibles, notamment durant la vague d\u2019attentats terroristes ou lors de crises sociales majeures. D\u2019autres conservent leurs avantages en raison de la proximit\u00e9 de leur d\u00e9part du gouvernement ou de leur exposition politique actuelle, notamment en vue d\u2019\u00e9ch\u00e9ances \u00e9lectorales.<\/p>\n<p data-start=\"2901\" data-end=\"3246\">Si le gouvernement n\u2019a pas communiqu\u00e9 de chiffrage pr\u00e9cis des \u00e9conomies attendues, le co\u00fbt global de ces dispositifs \u00e9tait estim\u00e9 \u00e0 environ 4 millions d\u2019euros par an. Pour S\u00e9bastien Lecornu, l\u2019enjeu est autant budg\u00e9taire que symbolique : montrer que l\u2019exemplarit\u00e9 doit aussi s\u2019appliquer \u00e0 ceux qui ont exerc\u00e9 les plus hautes fonctions de l\u2019\u00c9tat.<\/p>\n<p data-start=\"3248\" data-end=\"3429\" data-is-last-node=\"\" data-is-only-node=\"\">\u00ab On ne peut pas exiger des efforts des Fran\u00e7ais sans commencer par en faire soi-m\u00eame \u00bb, a-t-il r\u00e9cemment rappel\u00e9, d\u00e9fendant une r\u00e9forme qu\u2019il assume comme un signal politique fort.<\/p>\n","protected":false},"excerpt":{"rendered":"<p>C\u2019est une petite r\u00e9volution dans les usages de la R\u00e9publique. \u00c0 compter du 1er janvier 2026, les anciens chefs de gouvernement ne b\u00e9n\u00e9ficieront plus automatiquement d\u2019un chauffeur attitr\u00e9 ni d\u2019une protection polici\u00e8re permanente. Une d\u00e9cision act\u00e9e par S\u00e9bastien Lecornu, qui entend mettre un terme \u00e0 ce qu\u2019il qualifie d\u2019avantages indus li\u00e9s \u00e0 des fonctions par [&hellip;]<\/p>\n","protected":false},"author":1,"featured_media":846,"comment_status":"closed","ping_status":"open","sticky":false,"template":"","format":"standard","meta":{"_jetpack_memberships_contains_paid_content":false,"footnotes":""},"categories":[25],"tags":[],"class_list":["post-893","post","type-post","status-publish","format-standard","has-post-thumbnail","hentry","category-la-une"],"jetpack_featured_media_url":"https:\/\/info-politique.fr\/wp-content\/uploads\/2025\/09\/Capture-decran-2025-09-11-a-13.41.32.png","jetpack_sharing_enabled":true,"_links":{"self":[{"href":"https:\/\/info-politique.fr\/index.php\/wp-json\/wp\/v2\/posts\/893","targetHints":{"allow":["GET"]}}],"collection":[{"href":"https:\/\/info-politique.fr\/index.php\/wp-json\/wp\/v2\/posts"}],"about":[{"href":"https:\/\/info-politique.fr\/index.php\/wp-json\/wp\/v2\/types\/post"}],"author":[{"embeddable":true,"href":"https:\/\/info-politique.fr\/index.php\/wp-json\/wp\/v2\/users\/1"}],"replies":[{"embeddable":true,"href":"https:\/\/info-politique.fr\/index.php\/wp-json\/wp\/v2\/comments?post=893"}],"version-history":[{"count":1,"href":"https:\/\/info-politique.fr\/index.php\/wp-json\/wp\/v2\/posts\/893\/revisions"}],"predecessor-version":[{"id":894,"href":"https:\/\/info-politique.fr\/index.php\/wp-json\/wp\/v2\/posts\/893\/revisions\/894"}],"wp:featuredmedia":[{"embeddable":true,"href":"https:\/\/info-politique.fr\/index.php\/wp-json\/wp\/v2\/media\/846"}],"wp:attachment":[{"href":"https:\/\/info-politique.fr\/index.php\/wp-json\/wp\/v2\/media?parent=893"}],"wp:term":[{"taxonomy":"category","embeddable":true,"href":"https:\/\/info-politique.fr\/index.php\/wp-json\/wp\/v2\/categories?post=893"},{"taxonomy":"post_tag","embeddable":true,"href":"https:\/\/info-politique.fr\/index.php\/wp-json\/wp\/v2\/tags?post=893"}],"curies":[{"name":"wp","href":"https:\/\/api.w.org\/{rel}","templated":true}]}}