{"id":897,"date":"2026-01-26T16:00:12","date_gmt":"2026-01-26T15:00:12","guid":{"rendered":"https:\/\/info-politique.fr\/?p=897"},"modified":"2026-01-26T16:00:12","modified_gmt":"2026-01-26T15:00:12","slug":"budget-2026-lecornu-echappe-a-deux-motions-de-censure-et-assume-le-retour-du-49-3","status":"publish","type":"post","link":"https:\/\/info-politique.fr\/index.php\/2026\/01\/26\/budget-2026-lecornu-echappe-a-deux-motions-de-censure-et-assume-le-retour-du-49-3\/","title":{"rendered":"Budget 2026 : Lecornu \u00e9chappe \u00e0 deux motions de censure et assume le retour du 49.3"},"content":{"rendered":"<p data-start=\"207\" data-end=\"644\">En engageant la responsabilit\u00e9 de son gouvernement pour faire adopter le budget 2026, S\u00e9bastien Lecornu a franchi un pas politique risqu\u00e9. Le Premier ministre a pourtant tenu bon. Ce vendredi, il a r\u00e9sist\u00e9 \u00e0 deux motions de censure successives, d\u00e9pos\u00e9es par le Rassemblement national d\u2019un c\u00f4t\u00e9, et par une partie de la gauche de l\u2019autre, confirmant ainsi l\u2019adoption du texte budg\u00e9taire par le recours \u00e0 l\u2019article 49.3 de la Constitution.<\/p>\n<p data-start=\"646\" data-end=\"1020\">La motion port\u00e9e par les Insoumis, les \u00e9cologistes et les communistes n\u2019a rassembl\u00e9 que 269 voix, bien en de\u00e7\u00e0 des 288 n\u00e9cessaires pour renverser l\u2019ex\u00e9cutif. Les socialistes, tout comme la droite, ont refus\u00e9 de s\u2019y associer. De son c\u00f4t\u00e9, la tentative du RN, soutenue par le groupe UDR d\u2019\u00c9ric Ciotti, s\u2019est sold\u00e9e par un score encore plus faible, avec 142 d\u00e9put\u00e9s favorables.<\/p>\n<p data-start=\"1022\" data-end=\"1622\">Face aux critiques, le chef du gouvernement a revendiqu\u00e9 une d\u00e9cision assum\u00e9e. \u00ab Quand le d\u00e9bat parlementaire ne permet plus d\u2019aboutir, quelqu\u2019un doit prendre ses responsabilit\u00e9s \u00bb, a-t-il d\u00e9clar\u00e9 \u00e0 la tribune, justifiant un recours qu\u2019il pr\u00e9sente comme exceptionnel. Apr\u00e8s avoir initialement \u00e9cart\u00e9 l\u2019option du 49.3 \u00e0 l\u2019automne pour n\u00e9gocier avec les socialistes, S\u00e9bastien Lecornu estime avoir laiss\u00e9 toute sa place au dialogue parlementaire. Selon lui, cette s\u00e9quence marque un tournant : le 49.3 ne serait plus un outil de confort, mais un levier r\u00e9serv\u00e9 aux situations de blocage institutionnel.<\/p>\n<p data-start=\"1624\" data-end=\"1659\"><strong data-start=\"1624\" data-end=\"1659\">Une gauche profond\u00e9ment divis\u00e9e<\/strong><\/p>\n<p data-start=\"1661\" data-end=\"2265\">Les votes ont mis en \u00e9vidence les lignes de fracture au sein de la gauche. Tandis que les Insoumis d\u00e9noncent un \u00ab passage en force \u00bb, le Parti socialiste assume son refus de censurer le gouvernement. \u00c9ric Coquerel, pr\u00e9sident LFI de la commission des Finances, a d\u00e9nonc\u00e9 une proc\u00e9dure qu\u2019il juge contraire \u00e0 l\u2019esprit d\u00e9mocratique. \u00c0 l\u2019inverse, le d\u00e9put\u00e9 socialiste Laurent Baumel a mis en avant les concessions obtenues par son camp, \u00e9voquant notamment la revalorisation des prestations sociales index\u00e9es sur l\u2019inflation, l\u2019augmentation de la prime d\u2019activit\u00e9 et l\u2019extension des repas \u00e9tudiants \u00e0 un euro.<\/p>\n<p data-start=\"2267\" data-end=\"2458\">\u00c0 l\u2019extr\u00eame droite, Marine Le Pen a accus\u00e9 le Premier ministre d\u2019avoir rompu un engagement moral pris devant le Parlement, d\u00e9non\u00e7ant une m\u00e9thode qu\u2019elle associe \u00e0 la continuit\u00e9 du macronisme.<\/p>\n<p data-start=\"2460\" data-end=\"2511\"><strong data-start=\"2460\" data-end=\"2511\">Une s\u00e9quence parlementaire loin d\u2019\u00eatre termin\u00e9e<\/strong><\/p>\n<p data-start=\"2513\" data-end=\"2997\">L\u2019adoption du budget n\u2019est toutefois pas encore totalement achev\u00e9e. Le gouvernement pr\u00e9voit d\u2019engager \u00e0 nouveau sa responsabilit\u00e9 sur la partie \u00ab d\u00e9penses \u00bb ainsi que sur l\u2019ensemble du texte, ce qui entra\u00eenera le d\u00e9p\u00f4t de nouvelles motions de censure d\u00e8s le d\u00e9but de la semaine prochaine. Apr\u00e8s un passage formel au S\u00e9nat, le projet de loi devrait revenir \u00e0 l\u2019Assembl\u00e9e nationale pour un ultime recours au 49.3, ouvrant la voie \u00e0 une promulgation attendue au d\u00e9but du mois de f\u00e9vrier.<\/p>\n","protected":false},"excerpt":{"rendered":"<p>En engageant la responsabilit\u00e9 de son gouvernement pour faire adopter le budget 2026, S\u00e9bastien Lecornu a franchi un pas politique risqu\u00e9. Le Premier ministre a pourtant tenu bon. Ce vendredi, il a r\u00e9sist\u00e9 \u00e0 deux motions de censure successives, d\u00e9pos\u00e9es par le Rassemblement national d\u2019un c\u00f4t\u00e9, et par une partie de la gauche de l\u2019autre, [&hellip;]<\/p>\n","protected":false},"author":1,"featured_media":846,"comment_status":"closed","ping_status":"open","sticky":false,"template":"","format":"standard","meta":{"_jetpack_memberships_contains_paid_content":false,"footnotes":""},"categories":[25],"tags":[],"class_list":["post-897","post","type-post","status-publish","format-standard","has-post-thumbnail","hentry","category-la-une"],"jetpack_featured_media_url":"https:\/\/info-politique.fr\/wp-content\/uploads\/2025\/09\/Capture-decran-2025-09-11-a-13.41.32.png","jetpack_sharing_enabled":true,"_links":{"self":[{"href":"https:\/\/info-politique.fr\/index.php\/wp-json\/wp\/v2\/posts\/897","targetHints":{"allow":["GET"]}}],"collection":[{"href":"https:\/\/info-politique.fr\/index.php\/wp-json\/wp\/v2\/posts"}],"about":[{"href":"https:\/\/info-politique.fr\/index.php\/wp-json\/wp\/v2\/types\/post"}],"author":[{"embeddable":true,"href":"https:\/\/info-politique.fr\/index.php\/wp-json\/wp\/v2\/users\/1"}],"replies":[{"embeddable":true,"href":"https:\/\/info-politique.fr\/index.php\/wp-json\/wp\/v2\/comments?post=897"}],"version-history":[{"count":1,"href":"https:\/\/info-politique.fr\/index.php\/wp-json\/wp\/v2\/posts\/897\/revisions"}],"predecessor-version":[{"id":898,"href":"https:\/\/info-politique.fr\/index.php\/wp-json\/wp\/v2\/posts\/897\/revisions\/898"}],"wp:featuredmedia":[{"embeddable":true,"href":"https:\/\/info-politique.fr\/index.php\/wp-json\/wp\/v2\/media\/846"}],"wp:attachment":[{"href":"https:\/\/info-politique.fr\/index.php\/wp-json\/wp\/v2\/media?parent=897"}],"wp:term":[{"taxonomy":"category","embeddable":true,"href":"https:\/\/info-politique.fr\/index.php\/wp-json\/wp\/v2\/categories?post=897"},{"taxonomy":"post_tag","embeddable":true,"href":"https:\/\/info-politique.fr\/index.php\/wp-json\/wp\/v2\/tags?post=897"}],"curies":[{"name":"wp","href":"https:\/\/api.w.org\/{rel}","templated":true}]}}